{"id":3848,"date":"2026-08-31T23:01:30","date_gmt":"2026-08-31T21:01:30","guid":{"rendered":"https:\/\/iessoldeportocarrero.com\/?p=3848"},"modified":"2026-08-31T23:02:56","modified_gmt":"2026-08-31T21:02:56","slug":"%f0%9f%93%8c-calendario-de-examenes-de-septiembre-de-1o-de-bachillerato-curso-2025-2026","status":"publish","type":"post","link":"https:\/\/iessoldeportocarrero.com\/?p=3848","title":{"rendered":"\ud83d\udccc Calendario de Ex\u00e1menes de Septiembre de 1\u00ba de Bachillerato (Curso 2025\/2026)"},"content":{"rendered":"\n<h1 class=\"wp-block-heading\">Estimada comunidad educativa:<\/h1>\n\n\n\n<p class=\"wp-block-paragraph\">Se hace p\u00fablico el calendario oficial de las <strong>pruebas extraordinarias de evaluaci\u00f3n de septiembre<\/strong> para el alumnado de <strong>1\u00ba de Bachillerato<\/strong> correspondiente al curso 2025\/2026<sup><\/sup>.<\/p>\n\n\n\n<p class=\"wp-block-paragraph\">Rogamos a todo el alumnado que revise detenidamente las asignaturas, la franja horaria y el aula asignada para cada examen.<\/p>\n\n\n\n<h2 class=\"wp-block-heading\">\ud83d\uddd3\ufe0f Calendario de Ex\u00e1menes<\/h2>\n\n\n\n<h3 class=\"wp-block-heading\">\ud83d\udd39 Martes, 1 de septiembre de 2026<\/h3>\n\n\n\n<figure class=\"wp-block-table\"><table class=\"has-fixed-layout\"><thead><tr><td><strong>Horario<\/strong><\/td><td><strong>Ciencias y Tecnolog\u00eda<\/strong><\/td><td><strong>Humanidades y Ciencias Sociales<\/strong><\/td><td><strong>Bachillerato General<\/strong><\/td><\/tr><\/thead><tbody><tr><td><strong>08:30 &#8211; 10:00<\/strong><\/td><td>Educaci\u00f3n F\u00edsica <em>(Pistas y G11)<\/em><sup><\/sup><\/td><td>Educaci\u00f3n F\u00edsica <em>(Pistas y G11)<\/em><sup><\/sup><\/td><td>Educaci\u00f3n F\u00edsica <em>(Pistas y G11)<\/em><sup><\/sup><\/td><\/tr><tr><td><strong>10:00 &#8211; 11:30<\/strong><\/td><td>Matem\u00e1ticas I <em>(BF)<\/em><sup><\/sup><\/td><td>Lat\u00edn <em>(BC)<\/em> \/ Matem\u00e1ticas CCSS <em>(BD)<\/em><sup><\/sup><\/td><td>Matem\u00e1ticas Generales <em>(BB)<\/em><sup><\/sup><\/td><\/tr><tr><td><strong>11:30 &#8211; 13:00<\/strong><\/td><td>Ingl\u00e9s <em>(BF)<\/em><sup><\/sup><\/td><td>Ingl\u00e9s <em>(BC)<\/em><sup><\/sup><\/td><td>Ingl\u00e9s <em>(BB)<\/em><sup><\/sup><\/td><\/tr><tr><td><strong>13:00 &#8211; 14:30<\/strong><\/td><td>Biolog\u00eda y Geolog\u00eda <em>(BF)<\/em> \/ Dibujo T\u00e9cnico <em>(DIB 1)<\/em><sup><\/sup><\/td><td>Historia del Mundo Contemp. <em>(BC)<\/em> \/ Literat. Univ. <em>(BD)<\/em><sup><\/sup><\/td><td>Historia del Mundo Contemp. <em>(BB)<\/em><sup><\/sup><\/td><\/tr><tr><td><strong>17:00 &#8211; 18:30<\/strong><\/td><td>Anatom\u00eda Aplicada <em>(BB)<\/em> \/ Tecnolog\u00eda Ind. <em>(BF)<\/em> \/ Ampliaci\u00f3n Ingl\u00e9s <em>(BC)<\/em><sup><\/sup><\/td><td>\u2014<\/td><td>Ciencias Imprescindibles <em>(BB)<\/em><sup><\/sup><\/td><\/tr><tr><td><strong>18:30 &#8211; 20:00<\/strong><\/td><td>Ampliaci\u00f3n de Lengua <em>(BC)<\/em> \/ Prep. Certificaci\u00f3n Ingl\u00e9s <em>(BB)<\/em><sup><\/sup><\/td><td>Ampliaci\u00f3n de Lengua <em>(BC)<\/em> \/ Prep. Certificaci\u00f3n Ingl\u00e9s <em>(BB)<\/em><sup><\/sup><\/td><td>Ampliaci\u00f3n de Lengua <em>(BC)<\/em> \/ Prep. Certificaci\u00f3n Ingl\u00e9s <em>(BB)<\/em><sup><\/sup><\/td><\/tr><\/tbody><\/table><\/figure>\n\n\n\n<h3 class=\"wp-block-heading\">\ud83d\udd39 Mi\u00e9rcoles, 2 de septiembre de 2026<\/h3>\n\n\n\n<figure class=\"wp-block-table\"><table class=\"has-fixed-layout\"><thead><tr><td><strong>Horario<\/strong><\/td><td><strong>Ciencias y Tecnolog\u00eda<\/strong><\/td><td><strong>Humanidades y Ciencias Sociales<\/strong><\/td><td><strong>Bachillerato General<\/strong><\/td><\/tr><\/thead><tbody><tr><td><strong>08:30 &#8211; 10:00<\/strong><\/td><td>Filosof\u00eda <em>(BF)<\/em><sup><\/sup><\/td><td>Filosof\u00eda <em>(BC)<\/em><sup><\/sup><\/td><td>Filosof\u00eda <em>(BB)<\/em><sup><\/sup><\/td><\/tr><tr><td><strong>10:00 &#8211; 11:30<\/strong><\/td><td>Lengua Castellana y Literatura <em>(BF)<\/em><sup><\/sup><\/td><td>Lengua Castellana y Literatura <em>(BC)<\/em><sup><\/sup><\/td><td>Lengua Castellana y Literatura <em>(BB)<\/em><sup><\/sup><\/td><\/tr><tr><td><strong>11:30 &#8211; 13:00<\/strong><\/td><td>F\u00edsica y Qu\u00edmica <em>(BF)<\/em><sup><\/sup><\/td><td>Griego <em>(BC)<\/em> \/ Econom\u00eda <em>(BB)<\/em><sup><\/sup><\/td><td>Econom\u00eda y Emprendimiento <em>(BB)<\/em><sup><\/sup><\/td><\/tr><tr><td><strong>13:00 &#8211; 14:30<\/strong><\/td><td>Religi\u00f3n <em>(BB)<\/em> \/ PTEV <em>(BC)<\/em> \/ TIC \/ CDYPC <em>(BA)<\/em><sup><\/sup><\/td><td>Cultura Emprend. y Empresarial <em>(BB)<\/em> \/ Religi\u00f3n <em>(BB)<\/em> \/ PTEV <em>(BC)<\/em> \/ TIC \/ CDYPC <em>(BA)<\/em><sup><\/sup><\/td><td>Religi\u00f3n <em>(BB)<\/em> \/ PTEV <em>(BC)<\/em> \/ TIC \/ CDYPC <em>(BA)<\/em><sup><\/sup><\/td><\/tr><\/tbody><\/table><\/figure>\n\n\n\n<h2 class=\"wp-block-heading\">\ud83d\udccd Leyenda de Aulas<\/h2>\n\n\n\n<ul class=\"wp-block-list\">\n<li><strong>Pistas \/ G11:<\/strong> Pistas Deportivas \/ Gimnasio 11<\/li>\n\n\n\n<li><strong>BF, BC, BD, BB, BA:<\/strong> Aulas de Bachillerato correspondientes<\/li>\n\n\n\n<li><strong>DIB 1:<\/strong> Aula de Dibujo 1<\/li>\n<\/ul>\n\n\n\n<h2 class=\"wp-block-heading\">\ud83d\udccb Fechas Importantes y Tr\u00e1mites Posteriores<\/h2>\n\n\n\n<ul class=\"wp-block-list\">\n<li>\ud83d\udce9 <strong>Periodo de Reclamaciones:<\/strong> 4 y 7 de septiembre.<\/li>\n\n\n\n<li>\ud83d\udcc4 <strong>Resoluci\u00f3n de Reclamaciones:<\/strong> 8 de septiembre.<\/li>\n\n\n\n<li>\ud83d\udcdd <strong>Matriculaci\u00f3n Extraordinaria de 1\u00ba de Bachillerato:<\/strong> 8 de septiembre.<\/li>\n<\/ul>\n\n\n\n<blockquote class=\"wp-block-quote is-layout-flow wp-block-quote-is-layout-flow\">\n<p class=\"wp-block-paragraph\">\u26a0\ufe0f <strong>Nota:<\/strong> Se ruega al alumnado acudir con puntualidad a cada prueba, provisto de su documento de identidad (DNI\/NIE) y los materiales necesarios para el desarrollo de cada examen.<\/p>\n<\/blockquote>\n","protected":false},"excerpt":{"rendered":"<p>Estimada comunidad educativa: Se hace p\u00fablico el calendario oficial de las pruebas extraordinarias de evaluaci\u00f3n de septiembre para el alumnado de 1\u00ba de Bachillerato correspondiente al curso 2025\/2026. Rogamos a todo el alumnado que revise detenidamente las asignaturas, la franja <a href=\"https:\/\/iessoldeportocarrero.com\/?p=3848\" class=\"read-more\">Leer m\u00e1s&#8230;<\/a><\/p>\n","protected":false},"author":1,"featured_media":3849,"comment_status":"closed","ping_status":"closed","sticky":false,"template":"","format":"standard","meta":{"_jetpack_newsletter_access":"","_jetpack_dont_email_post_to_subs":false,"_jetpack_newsletter_tier_id":0,"_jetpack_memberships_contains_paywalled_content":false,"_jetpack_feature_clip_id":0,"_jetpack_memberships_contains_paid_content":false,"footnotes":"","jetpack_post_was_ever_published":false},"categories":[13],"tags":[],"class_list":["post-3848","post","type-post","status-publish","format-standard","has-post-thumbnail","hentry","category-centro"],"yoast_head":"<!-- This site is optimized with the Yoast SEO plugin v19.14 - https:\/\/yoast.com\/wordpress\/plugins\/seo\/ -->\n<title>\ud83d\udccc Calendario de Ex\u00e1menes de Septiembre de 1\u00ba de Bachillerato (Curso 2025\/2026) - IES SOL DE PORTOCARRERO - LA LABORAL<\/title>\n<meta name=\"robots\" content=\"index, follow, max-snippet:-1, max-image-preview:large, max-video-preview:-1\" \/>\n<link rel=\"canonical\" href=\"https:\/\/iessoldeportocarrero.com\/?p=3848\" \/>\n<meta property=\"og:locale\" content=\"es_ES\" \/>\n<meta property=\"og:type\" content=\"article\" \/>\n<meta property=\"og:title\" content=\"\ud83d\udccc Calendario de Ex\u00e1menes de Septiembre de 1\u00ba de Bachillerato (Curso 2025\/2026) - IES SOL DE PORTOCARRERO - LA LABORAL\" \/>\n<meta property=\"og:description\" content=\"Estimada comunidad educativa: Se hace p\u00fablico el calendario oficial de las pruebas extraordinarias de evaluaci\u00f3n de septiembre para el alumnado de 1\u00ba de Bachillerato correspondiente al curso 2025\/2026. Rogamos a todo el alumnado que revise detenidamente las asignaturas, la franja Leer m\u00e1s...\" \/>\n<meta property=\"og:url\" content=\"https:\/\/iessoldeportocarrero.com\/?p=3848\" \/>\n<meta property=\"og:site_name\" content=\"IES SOL DE PORTOCARRERO - LA LABORAL\" \/>\n<meta property=\"article:published_time\" content=\"2026-08-31T21:01:30+00:00\" \/>\n<meta property=\"article:modified_time\" content=\"2026-08-31T21:02:56+00:00\" \/>\n<meta property=\"og:image\" content=\"https:\/\/iessoldeportocarrero.com\/wp-content\/uploads\/2026\/08\/sep26.jpeg\" \/>\n\t<meta property=\"og:image:width\" content=\"768\" \/>\n\t<meta property=\"og:image:height\" content=\"458\" \/>\n\t<meta property=\"og:image:type\" content=\"image\/jpeg\" \/>\n<meta name=\"author\" content=\"admin\" \/>\n<meta name=\"twitter:card\" content=\"summary_large_image\" \/>\n<meta name=\"twitter:label1\" content=\"Escrito por\" \/>\n\t<meta name=\"twitter:data1\" content=\"admin\" \/>\n\t<meta name=\"twitter:label2\" content=\"Tiempo de lectura\" \/>\n\t<meta name=\"twitter:data2\" content=\"2 minutos\" \/>\n<script type=\"application\/ld+json\" class=\"yoast-schema-graph\">{\"@context\":\"https:\/\/schema.org\",\"@graph\":[{\"@type\":\"WebPage\",\"@id\":\"https:\/\/iessoldeportocarrero.com\/?p=3848\",\"url\":\"https:\/\/iessoldeportocarrero.com\/?p=3848\",\"name\":\"\ud83d\udccc Calendario de Ex\u00e1menes de Septiembre de 1\u00ba de Bachillerato (Curso 2025\/2026) - IES SOL DE PORTOCARRERO - LA LABORAL\",\"isPartOf\":{\"@id\":\"https:\/\/iessoldeportocarrero.com\/#website\"},\"datePublished\":\"2026-08-31T21:01:30+00:00\",\"dateModified\":\"2026-08-31T21:02:56+00:00\",\"author\":{\"@id\":\"https:\/\/iessoldeportocarrero.com\/#\/schema\/person\/c143d2d036811e362054181df6a0cf08\"},\"breadcrumb\":{\"@id\":\"https:\/\/iessoldeportocarrero.com\/?p=3848#breadcrumb\"},\"inLanguage\":\"es\",\"potentialAction\":[{\"@type\":\"ReadAction\",\"target\":[\"https:\/\/iessoldeportocarrero.com\/?p=3848\"]}]},{\"@type\":\"BreadcrumbList\",\"@id\":\"https:\/\/iessoldeportocarrero.com\/?p=3848#breadcrumb\",\"itemListElement\":[{\"@type\":\"ListItem\",\"position\":1,\"name\":\"Home\",\"item\":\"https:\/\/iessoldeportocarrero.com\/\"},{\"@type\":\"ListItem\",\"position\":2,\"name\":\"\ud83d\udccc Calendario de Ex\u00e1menes de Septiembre de 1\u00ba de Bachillerato (Curso 2025\/2026)\"}]},{\"@type\":\"WebSite\",\"@id\":\"https:\/\/iessoldeportocarrero.com\/#website\",\"url\":\"https:\/\/iessoldeportocarrero.com\/\",\"name\":\"IES SOL DE PORTOCARRERO - LA LABORAL\",\"description\":\"INSTITUTO DE EDUCACI\u00d3N SECUNDARIA Y FORMACI\u00d3N PROFESIONAL\",\"potentialAction\":[{\"@type\":\"SearchAction\",\"target\":{\"@type\":\"EntryPoint\",\"urlTemplate\":\"https:\/\/iessoldeportocarrero.com\/?s={search_term_string}\"},\"query-input\":\"required name=search_term_string\"}],\"inLanguage\":\"es\"},{\"@type\":\"Person\",\"@id\":\"https:\/\/iessoldeportocarrero.com\/#\/schema\/person\/c143d2d036811e362054181df6a0cf08\",\"name\":\"admin\",\"image\":{\"@type\":\"ImageObject\",\"inLanguage\":\"es\",\"@id\":\"https:\/\/iessoldeportocarrero.com\/#\/schema\/person\/image\/\",\"url\":\"https:\/\/secure.gravatar.com\/avatar\/2a8be5b512813919f72f94340ec143bbd6c2df599722972e236d59fcea563a2d?s=96&d=mm&r=g\",\"contentUrl\":\"https:\/\/secure.gravatar.com\/avatar\/2a8be5b512813919f72f94340ec143bbd6c2df599722972e236d59fcea563a2d?s=96&d=mm&r=g\",\"caption\":\"admin\"},\"sameAs\":[\"https:\/\/iessoldeportocarrero.com\"],\"url\":\"https:\/\/iessoldeportocarrero.com\/?author=1\"}]}<\/script>\n<!-- \/ Yoast SEO plugin. -->","yoast_head_json":{"title":"\ud83d\udccc Calendario de Ex\u00e1menes de Septiembre de 1\u00ba de Bachillerato (Curso 2025\/2026) - IES SOL DE PORTOCARRERO - LA LABORAL","robots":{"index":"index","follow":"follow","max-snippet":"max-snippet:-1","max-image-preview":"max-image-preview:large","max-video-preview":"max-video-preview:-1"},"canonical":"https:\/\/iessoldeportocarrero.com\/?p=3848","og_locale":"es_ES","og_type":"article","og_title":"\ud83d\udccc Calendario de Ex\u00e1menes de Septiembre de 1\u00ba de Bachillerato (Curso 2025\/2026) - IES SOL DE PORTOCARRERO - LA LABORAL","og_description":"Estimada comunidad educativa: Se hace p\u00fablico el calendario oficial de las pruebas extraordinarias de evaluaci\u00f3n de septiembre para el alumnado de 1\u00ba de Bachillerato correspondiente al curso 2025\/2026. Rogamos a todo el alumnado que revise detenidamente las asignaturas, la franja Leer m\u00e1s...","og_url":"https:\/\/iessoldeportocarrero.com\/?p=3848","og_site_name":"IES SOL DE PORTOCARRERO - LA LABORAL","article_published_time":"2026-08-31T21:01:30+00:00","article_modified_time":"2026-08-31T21:02:56+00:00","og_image":[{"width":768,"height":458,"url":"https:\/\/iessoldeportocarrero.com\/wp-content\/uploads\/2026\/08\/sep26.jpeg","type":"image\/jpeg"}],"author":"admin","twitter_card":"summary_large_image","twitter_misc":{"Escrito por":"admin","Tiempo de lectura":"2 minutos"},"schema":{"@context":"https:\/\/schema.org","@graph":[{"@type":"WebPage","@id":"https:\/\/iessoldeportocarrero.com\/?p=3848","url":"https:\/\/iessoldeportocarrero.com\/?p=3848","name":"\ud83d\udccc Calendario de Ex\u00e1menes de Septiembre de 1\u00ba de Bachillerato (Curso 2025\/2026) - IES SOL DE PORTOCARRERO - LA LABORAL","isPartOf":{"@id":"https:\/\/iessoldeportocarrero.com\/#website"},"datePublished":"2026-08-31T21:01:30+00:00","dateModified":"2026-08-31T21:02:56+00:00","author":{"@id":"https:\/\/iessoldeportocarrero.com\/#\/schema\/person\/c143d2d036811e362054181df6a0cf08"},"breadcrumb":{"@id":"https:\/\/iessoldeportocarrero.com\/?p=3848#breadcrumb"},"inLanguage":"es","potentialAction":[{"@type":"ReadAction","target":["https:\/\/iessoldeportocarrero.com\/?p=3848"]}]},{"@type":"BreadcrumbList","@id":"https:\/\/iessoldeportocarrero.com\/?p=3848#breadcrumb","itemListElement":[{"@type":"ListItem","position":1,"name":"Home","item":"https:\/\/iessoldeportocarrero.com\/"},{"@type":"ListItem","position":2,"name":"\ud83d\udccc Calendario de Ex\u00e1menes de Septiembre de 1\u00ba de Bachillerato (Curso 2025\/2026)"}]},{"@type":"WebSite","@id":"https:\/\/iessoldeportocarrero.com\/#website","url":"https:\/\/iessoldeportocarrero.com\/","name":"IES SOL DE PORTOCARRERO - LA LABORAL","description":"INSTITUTO DE EDUCACI\u00d3N SECUNDARIA Y FORMACI\u00d3N PROFESIONAL","potentialAction":[{"@type":"SearchAction","target":{"@type":"EntryPoint","urlTemplate":"https:\/\/iessoldeportocarrero.com\/?s={search_term_string}"},"query-input":"required name=search_term_string"}],"inLanguage":"es"},{"@type":"Person","@id":"https:\/\/iessoldeportocarrero.com\/#\/schema\/person\/c143d2d036811e362054181df6a0cf08","name":"admin","image":{"@type":"ImageObject","inLanguage":"es","@id":"https:\/\/iessoldeportocarrero.com\/#\/schema\/person\/image\/","url":"https:\/\/secure.gravatar.com\/avatar\/2a8be5b512813919f72f94340ec143bbd6c2df599722972e236d59fcea563a2d?s=96&d=mm&r=g","contentUrl":"https:\/\/secure.gravatar.com\/avatar\/2a8be5b512813919f72f94340ec143bbd6c2df599722972e236d59fcea563a2d?s=96&d=mm&r=g","caption":"admin"},"sameAs":["https:\/\/iessoldeportocarrero.com"],"url":"https:\/\/iessoldeportocarrero.com\/?author=1"}]}},"jetpack_sharing_enabled":true,"jetpack-related-posts":[{"id":3373,"url":"https:\/\/iessoldeportocarrero.com\/?p=3373","url_meta":{"origin":3848,"position":0},"title":"CALENDARIO EX\u00c1MENES DE SEPTIEMBRE 1\u00ba DE BACHILLERATO &#8211; CURSO 2024\/2025","author":"admin","date":"agosto 29, 2025","format":false,"excerpt":"Aqu\u00ed se puede consultar el calendario oficial de ex\u00e1menes (d\u00eda, hora y lugar de la prueba) de la convocatoria de Septiembre, s\u00f3lo para el curso 1\u00ba de Bachillerato en todas sus modalidades , correspondiente al curso 2024\/2025.","rel":"","context":"En \u00abCENTRO\u00bb","block_context":{"text":"CENTRO","link":"https:\/\/iessoldeportocarrero.com\/?cat=13"},"img":{"alt_text":"","src":"https:\/\/i0.wp.com\/iessoldeportocarrero.com\/wp-content\/uploads\/2025\/08\/Examenes-Septiembre.png?resize=350%2C200&ssl=1","width":350,"height":200,"srcset":"https:\/\/i0.wp.com\/iessoldeportocarrero.com\/wp-content\/uploads\/2025\/08\/Examenes-Septiembre.png?resize=350%2C200&ssl=1 1x, https:\/\/i0.wp.com\/iessoldeportocarrero.com\/wp-content\/uploads\/2025\/08\/Examenes-Septiembre.png?resize=525%2C300&ssl=1 1.5x, https:\/\/i0.wp.com\/iessoldeportocarrero.com\/wp-content\/uploads\/2025\/08\/Examenes-Septiembre.png?resize=700%2C400&ssl=1 2x"},"classes":[]},{"id":2617,"url":"https:\/\/iessoldeportocarrero.com\/?p=2617","url_meta":{"origin":3848,"position":1},"title":"CALENDARIO DE EX\u00c1MENES DE SEPTIEMBRE PARA 1\u00ba BACHILLERATO","author":"admin","date":"junio 18, 2024","format":false,"excerpt":"Aqu\u00ed se puede consultar el calendario oficial de ex\u00e1menes (d\u00eda de la prueba, hora y lugar de la prueba) de la convocatoria de Septiembre, s\u00f3lo para el curso 1\u00ba de Bachillerato en todas sus modalidades , correspondiente al curso actual 2023\/2024. CALENDARIO_FINALCURSO_PROFESORADO_23-24-7Descarga","rel":"","context":"En \u00abCENTRO\u00bb","block_context":{"text":"CENTRO","link":"https:\/\/iessoldeportocarrero.com\/?cat=13"},"img":{"alt_text":"","src":"","width":0,"height":0},"classes":[]},{"id":1635,"url":"https:\/\/iessoldeportocarrero.com\/?p=1635","url_meta":{"origin":3848,"position":2},"title":"CALENDARIO DE EX\u00c1MENES DE SEPTIEMBRE-1\u00ba BACHILLERATO","author":"admin","date":"junio 29, 2023","format":"image","excerpt":"","rel":"","context":"En \u00abCENTRO\u00bb","block_context":{"text":"CENTRO","link":"https:\/\/iessoldeportocarrero.com\/?cat=13"},"img":{"alt_text":"","src":"https:\/\/i0.wp.com\/iessoldeportocarrero.com\/wp-content\/uploads\/2023\/06\/Calendario-Septiembre.png?resize=350%2C200&ssl=1","width":350,"height":200,"srcset":"https:\/\/i0.wp.com\/iessoldeportocarrero.com\/wp-content\/uploads\/2023\/06\/Calendario-Septiembre.png?resize=350%2C200&ssl=1 1x, https:\/\/i0.wp.com\/iessoldeportocarrero.com\/wp-content\/uploads\/2023\/06\/Calendario-Septiembre.png?resize=525%2C300&ssl=1 1.5x, https:\/\/i0.wp.com\/iessoldeportocarrero.com\/wp-content\/uploads\/2023\/06\/Calendario-Septiembre.png?resize=700%2C400&ssl=1 2x"},"classes":[]},{"id":3566,"url":"https:\/\/iessoldeportocarrero.com\/?p=3566","url_meta":{"origin":3848,"position":3},"title":"Criterios de selecci\u00f3n del alumnado para el Erasmus+","author":"Carmen Jim\u00e9nez","date":"noviembre 20, 2025","format":false,"excerpt":"Los\u00a0 criterios para\u00a0 la\u00a0 selecci\u00f3n\u00a0 del alumnado participante en\u00a0 acciones\u00a0 de\u00a0 movilidad\u00a0 en\u00a0 el\u00a0 marco\u00a0 del\u00a0 Proyecto\u00a0 Erasmus +\u00a0 Escolar (Secundaria y Bachillerato) del curso 2025\/2026 son los siguientes: N\u00ba\u00a0CRITERIO\u00a0puntos1\u00a0Nota media del expediente acad\u00e9mico:\u00a0de 9 a 10de 8 a 8,99de 7 a 7,99de 6 a 6,99de 5 a 5,99menos de\u2026","rel":"","context":"En \u00abERASMUS ESCOLAR\u00bb","block_context":{"text":"ERASMUS ESCOLAR","link":"https:\/\/iessoldeportocarrero.com\/?cat=43"},"img":{"alt_text":"","src":"","width":0,"height":0},"classes":[]},{"id":3368,"url":"https:\/\/iessoldeportocarrero.com\/?p=3368","url_meta":{"origin":3848,"position":4},"title":"CALENDARIO ESCOLAR 2025\/2026","author":"admin","date":"junio 26, 2025","format":false,"excerpt":"Les presentamos el calendario escolar para el curso 2025-2026. Es fundamental que le echen un buen vistazo, prestando especial atenci\u00f3n a las fechas de inicio y fin de curso, as\u00ed como a los periodos festivos. Organ\u00edcense con tiempo para que no se pierdan nada importante. \u00a1Esperamos que tengan un excelente\u2026","rel":"","context":"En \u00abCENTRO\u00bb","block_context":{"text":"CENTRO","link":"https:\/\/iessoldeportocarrero.com\/?cat=13"},"img":{"alt_text":"","src":"https:\/\/i0.wp.com\/iessoldeportocarrero.com\/wp-content\/uploads\/2025\/06\/Calendario-escolar-2526.png?resize=350%2C200&ssl=1","width":350,"height":200,"srcset":"https:\/\/i0.wp.com\/iessoldeportocarrero.com\/wp-content\/uploads\/2025\/06\/Calendario-escolar-2526.png?resize=350%2C200&ssl=1 1x, https:\/\/i0.wp.com\/iessoldeportocarrero.com\/wp-content\/uploads\/2025\/06\/Calendario-escolar-2526.png?resize=525%2C300&ssl=1 1.5x"},"classes":[]},{"id":2596,"url":"https:\/\/iessoldeportocarrero.com\/?p=2596","url_meta":{"origin":3848,"position":5},"title":"Calendario de matriculaci\u00f3n de Formaci\u00f3n Profesional 2024\/2025","author":"admin","date":"junio 13, 2024","format":false,"excerpt":"El calendario de matriculaci\u00f3n de Formaci\u00f3n Profesional para el curso 24\/25 , tiene como fechas claves: Del 15 de Junio al 1 de Julio de 2024: Presentaci\u00f3n de Solicitudes Del 25 de Junio al 1 de Julio de 2024: Matriculaci\u00f3n en 2\u00ba Curso y alumnado que repite matricula Calendario completo\u2026","rel":"","context":"En \u00abCENTRO\u00bb","block_context":{"text":"CENTRO","link":"https:\/\/iessoldeportocarrero.com\/?cat=13"},"img":{"alt_text":"","src":"https:\/\/i0.wp.com\/iessoldeportocarrero.com\/wp-content\/uploads\/2024\/06\/1-5.jpg?resize=350%2C200&ssl=1","width":350,"height":200,"srcset":"https:\/\/i0.wp.com\/iessoldeportocarrero.com\/wp-content\/uploads\/2024\/06\/1-5.jpg?resize=350%2C200&ssl=1 1x, https:\/\/i0.wp.com\/iessoldeportocarrero.com\/wp-content\/uploads\/2024\/06\/1-5.jpg?resize=525%2C300&ssl=1 1.5x, https:\/\/i0.wp.com\/iessoldeportocarrero.com\/wp-content\/uploads\/2024\/06\/1-5.jpg?resize=700%2C400&ssl=1 2x, https:\/\/i0.wp.com\/iessoldeportocarrero.com\/wp-content\/uploads\/2024\/06\/1-5.jpg?resize=1050%2C600&ssl=1 3x, https:\/\/i0.wp.com\/iessoldeportocarrero.com\/wp-content\/uploads\/2024\/06\/1-5.jpg?resize=1400%2C800&ssl=1 4x"},"classes":[]}],"jetpack_featured_media_url":"https:\/\/iessoldeportocarrero.com\/wp-content\/uploads\/2026\/08\/sep26.jpeg","_links":{"self":[{"href":"https:\/\/iessoldeportocarrero.com\/index.php?rest_route=\/wp\/v2\/posts\/3848","targetHints":{"allow":["GET"]}}],"collection":[{"href":"https:\/\/iessoldeportocarrero.com\/index.php?rest_route=\/wp\/v2\/posts"}],"about":[{"href":"https:\/\/iessoldeportocarrero.com\/index.php?rest_route=\/wp\/v2\/types\/post"}],"author":[{"embeddable":true,"href":"https:\/\/iessoldeportocarrero.com\/index.php?rest_route=\/wp\/v2\/users\/1"}],"replies":[{"embeddable":true,"href":"https:\/\/iessoldeportocarrero.com\/index.php?rest_route=%2Fwp%2Fv2%2Fcomments&post=3848"}],"version-history":[{"count":2,"href":"https:\/\/iessoldeportocarrero.com\/index.php?rest_route=\/wp\/v2\/posts\/3848\/revisions"}],"predecessor-version":[{"id":3852,"href":"https:\/\/iessoldeportocarrero.com\/index.php?rest_route=\/wp\/v2\/posts\/3848\/revisions\/3852"}],"wp:featuredmedia":[{"embeddable":true,"href":"https:\/\/iessoldeportocarrero.com\/index.php?rest_route=\/wp\/v2\/media\/3849"}],"wp:attachment":[{"href":"https:\/\/iessoldeportocarrero.com\/index.php?rest_route=%2Fwp%2Fv2%2Fmedia&parent=3848"}],"wp:term":[{"taxonomy":"category","embeddable":true,"href":"https:\/\/iessoldeportocarrero.com\/index.php?rest_route=%2Fwp%2Fv2%2Fcategories&post=3848"},{"taxonomy":"post_tag","embeddable":true,"href":"https:\/\/iessoldeportocarrero.com\/index.php?rest_route=%2Fwp%2Fv2%2Ftags&post=3848"}],"curies":[{"name":"wp","href":"https:\/\/api.w.org\/{rel}","templated":true}]}}