{"id":2917,"date":"2024-12-10T09:35:57","date_gmt":"2024-12-10T08:35:57","guid":{"rendered":"https:\/\/iessoldeportocarrero.com\/?p=2917"},"modified":"2024-12-12T08:38:09","modified_gmt":"2024-12-12T07:38:09","slug":"primer-premio-rosa-regas-a-materiales-curriculares-que-fomentan-la-igualdad-al-trabajo","status":"publish","type":"post","link":"https:\/\/iessoldeportocarrero.com\/?p=2917","title":{"rendered":"Primer premio Rosa Reg\u00e1s a materiales curriculares que fomentan la igualdad al trabajo"},"content":{"rendered":"\n<p>La <strong>Consejer\u00eda de Desarrollo Educativo y Formaci\u00f3n Profesional<\/strong> ha concedido el <strong>Primer premio Rosa Reg\u00e1s<\/strong> a materiales curriculares que fomentan la igualdad al trabajo \u00abHijas del mar\u00bb, coordinado por la profesora Raquel Soler Delgado y realizado por alumnado de 4 ESO en el curso 2023\/2024. Este proyecto ha visibilizado la relaci\u00f3n de las mujeres con la mar a lo largo de la historia, desde la mitolog\u00eda pasando por los oficios tradicionales, las investigadoras y ocean\u00f3grafas m\u00e1s importantes.<\/p>\n\n\n\n<p><\/p>\n","protected":false},"excerpt":{"rendered":"<p>La Consejer\u00eda de Desarrollo Educativo y Formaci\u00f3n Profesional ha concedido el Primer premio Rosa Reg\u00e1s a materiales curriculares que fomentan la igualdad al trabajo \u00abHijas del mar\u00bb, coordinado por la profesora Raquel Soler Delgado y realizado por alumnado de 4 <a href=\"https:\/\/iessoldeportocarrero.com\/?p=2917\" class=\"read-more\">Leer m\u00e1s&#8230;<\/a><\/p>\n","protected":false},"author":1,"featured_media":2918,"comment_status":"closed","ping_status":"closed","sticky":false,"template":"","format":"standard","meta":{"_jetpack_memberships_contains_paid_content":false,"footnotes":""},"categories":[13],"tags":[],"class_list":["post-2917","post","type-post","status-publish","format-standard","has-post-thumbnail","hentry","category-centro"],"yoast_head":"<!-- This site is optimized with the Yoast SEO plugin v19.14 - https:\/\/yoast.com\/wordpress\/plugins\/seo\/ -->\n<title>Primer premio Rosa Reg\u00e1s a materiales curriculares que fomentan la igualdad al trabajo - IES SOL DE PORTOCARRERO - LA LABORAL<\/title>\n<meta name=\"robots\" content=\"index, follow, max-snippet:-1, max-image-preview:large, max-video-preview:-1\" \/>\n<link rel=\"canonical\" href=\"https:\/\/iessoldeportocarrero.com\/?p=2917\" \/>\n<meta property=\"og:locale\" content=\"es_ES\" \/>\n<meta property=\"og:type\" content=\"article\" \/>\n<meta property=\"og:title\" content=\"Primer premio Rosa Reg\u00e1s a materiales curriculares que fomentan la igualdad al trabajo - IES SOL DE PORTOCARRERO - LA LABORAL\" \/>\n<meta property=\"og:description\" content=\"La Consejer\u00eda de Desarrollo Educativo y Formaci\u00f3n Profesional ha concedido el Primer premio Rosa Reg\u00e1s a materiales curriculares que fomentan la igualdad al trabajo \u00abHijas del mar\u00bb, coordinado por la profesora Raquel Soler Delgado y realizado por alumnado de 4 Leer m\u00e1s...\" \/>\n<meta property=\"og:url\" content=\"https:\/\/iessoldeportocarrero.com\/?p=2917\" \/>\n<meta property=\"og:site_name\" content=\"IES SOL DE PORTOCARRERO - LA LABORAL\" \/>\n<meta property=\"article:published_time\" content=\"2024-12-10T08:35:57+00:00\" \/>\n<meta property=\"article:modified_time\" content=\"2024-12-12T07:38:09+00:00\" \/>\n<meta property=\"og:image\" content=\"https:\/\/iessoldeportocarrero.com\/wp-content\/uploads\/2024\/12\/IMG_3135-min-scaled.jpeg\" \/>\n\t<meta property=\"og:image:width\" content=\"2560\" \/>\n\t<meta property=\"og:image:height\" content=\"1920\" \/>\n\t<meta property=\"og:image:type\" content=\"image\/jpeg\" \/>\n<meta name=\"author\" content=\"admin\" \/>\n<meta name=\"twitter:card\" content=\"summary_large_image\" \/>\n<meta name=\"twitter:label1\" content=\"Escrito por\" \/>\n\t<meta name=\"twitter:data1\" content=\"admin\" \/>\n\t<meta name=\"twitter:label2\" content=\"Tiempo de lectura\" \/>\n\t<meta name=\"twitter:data2\" content=\"1 minuto\" \/>\n<script type=\"application\/ld+json\" class=\"yoast-schema-graph\">{\"@context\":\"https:\/\/schema.org\",\"@graph\":[{\"@type\":\"WebPage\",\"@id\":\"https:\/\/iessoldeportocarrero.com\/?p=2917\",\"url\":\"https:\/\/iessoldeportocarrero.com\/?p=2917\",\"name\":\"Primer premio Rosa Reg\u00e1s a materiales curriculares que fomentan la igualdad al trabajo - IES SOL DE PORTOCARRERO - LA LABORAL\",\"isPartOf\":{\"@id\":\"https:\/\/iessoldeportocarrero.com\/#website\"},\"datePublished\":\"2024-12-10T08:35:57+00:00\",\"dateModified\":\"2024-12-12T07:38:09+00:00\",\"author\":{\"@id\":\"https:\/\/iessoldeportocarrero.com\/#\/schema\/person\/c143d2d036811e362054181df6a0cf08\"},\"breadcrumb\":{\"@id\":\"https:\/\/iessoldeportocarrero.com\/?p=2917#breadcrumb\"},\"inLanguage\":\"es\",\"potentialAction\":[{\"@type\":\"ReadAction\",\"target\":[\"https:\/\/iessoldeportocarrero.com\/?p=2917\"]}]},{\"@type\":\"BreadcrumbList\",\"@id\":\"https:\/\/iessoldeportocarrero.com\/?p=2917#breadcrumb\",\"itemListElement\":[{\"@type\":\"ListItem\",\"position\":1,\"name\":\"Home\",\"item\":\"https:\/\/iessoldeportocarrero.com\/\"},{\"@type\":\"ListItem\",\"position\":2,\"name\":\"Primer premio Rosa Reg\u00e1s a materiales curriculares que fomentan la igualdad al trabajo\"}]},{\"@type\":\"WebSite\",\"@id\":\"https:\/\/iessoldeportocarrero.com\/#website\",\"url\":\"https:\/\/iessoldeportocarrero.com\/\",\"name\":\"IES SOL DE PORTOCARRERO - LA LABORAL\",\"description\":\"INSTITUTO DE EDUCACI\u00d3N SECUNDARIA Y FORMACI\u00d3N PROFESIONAL\",\"potentialAction\":[{\"@type\":\"SearchAction\",\"target\":{\"@type\":\"EntryPoint\",\"urlTemplate\":\"https:\/\/iessoldeportocarrero.com\/?s={search_term_string}\"},\"query-input\":\"required name=search_term_string\"}],\"inLanguage\":\"es\"},{\"@type\":\"Person\",\"@id\":\"https:\/\/iessoldeportocarrero.com\/#\/schema\/person\/c143d2d036811e362054181df6a0cf08\",\"name\":\"admin\",\"image\":{\"@type\":\"ImageObject\",\"inLanguage\":\"es\",\"@id\":\"https:\/\/iessoldeportocarrero.com\/#\/schema\/person\/image\/\",\"url\":\"https:\/\/secure.gravatar.com\/avatar\/2a8be5b512813919f72f94340ec143bbd6c2df599722972e236d59fcea563a2d?s=96&d=mm&r=g\",\"contentUrl\":\"https:\/\/secure.gravatar.com\/avatar\/2a8be5b512813919f72f94340ec143bbd6c2df599722972e236d59fcea563a2d?s=96&d=mm&r=g\",\"caption\":\"admin\"},\"sameAs\":[\"https:\/\/iessoldeportocarrero.com\"],\"url\":\"https:\/\/iessoldeportocarrero.com\/?author=1\"}]}<\/script>\n<!-- \/ Yoast SEO plugin. -->","yoast_head_json":{"title":"Primer premio Rosa Reg\u00e1s a materiales curriculares que fomentan la igualdad al trabajo - IES SOL DE PORTOCARRERO - LA LABORAL","robots":{"index":"index","follow":"follow","max-snippet":"max-snippet:-1","max-image-preview":"max-image-preview:large","max-video-preview":"max-video-preview:-1"},"canonical":"https:\/\/iessoldeportocarrero.com\/?p=2917","og_locale":"es_ES","og_type":"article","og_title":"Primer premio Rosa Reg\u00e1s a materiales curriculares que fomentan la igualdad al trabajo - IES SOL DE PORTOCARRERO - LA LABORAL","og_description":"La Consejer\u00eda de Desarrollo Educativo y Formaci\u00f3n Profesional ha concedido el Primer premio Rosa Reg\u00e1s a materiales curriculares que fomentan la igualdad al trabajo \u00abHijas del mar\u00bb, coordinado por la profesora Raquel Soler Delgado y realizado por alumnado de 4 Leer m\u00e1s...","og_url":"https:\/\/iessoldeportocarrero.com\/?p=2917","og_site_name":"IES SOL DE PORTOCARRERO - LA LABORAL","article_published_time":"2024-12-10T08:35:57+00:00","article_modified_time":"2024-12-12T07:38:09+00:00","og_image":[{"width":2560,"height":1920,"url":"https:\/\/iessoldeportocarrero.com\/wp-content\/uploads\/2024\/12\/IMG_3135-min-scaled.jpeg","type":"image\/jpeg"}],"author":"admin","twitter_card":"summary_large_image","twitter_misc":{"Escrito por":"admin","Tiempo de lectura":"1 minuto"},"schema":{"@context":"https:\/\/schema.org","@graph":[{"@type":"WebPage","@id":"https:\/\/iessoldeportocarrero.com\/?p=2917","url":"https:\/\/iessoldeportocarrero.com\/?p=2917","name":"Primer premio Rosa Reg\u00e1s a materiales curriculares que fomentan la igualdad al trabajo - IES SOL DE PORTOCARRERO - LA LABORAL","isPartOf":{"@id":"https:\/\/iessoldeportocarrero.com\/#website"},"datePublished":"2024-12-10T08:35:57+00:00","dateModified":"2024-12-12T07:38:09+00:00","author":{"@id":"https:\/\/iessoldeportocarrero.com\/#\/schema\/person\/c143d2d036811e362054181df6a0cf08"},"breadcrumb":{"@id":"https:\/\/iessoldeportocarrero.com\/?p=2917#breadcrumb"},"inLanguage":"es","potentialAction":[{"@type":"ReadAction","target":["https:\/\/iessoldeportocarrero.com\/?p=2917"]}]},{"@type":"BreadcrumbList","@id":"https:\/\/iessoldeportocarrero.com\/?p=2917#breadcrumb","itemListElement":[{"@type":"ListItem","position":1,"name":"Home","item":"https:\/\/iessoldeportocarrero.com\/"},{"@type":"ListItem","position":2,"name":"Primer premio Rosa Reg\u00e1s a materiales curriculares que fomentan la igualdad al trabajo"}]},{"@type":"WebSite","@id":"https:\/\/iessoldeportocarrero.com\/#website","url":"https:\/\/iessoldeportocarrero.com\/","name":"IES SOL DE PORTOCARRERO - LA LABORAL","description":"INSTITUTO DE EDUCACI\u00d3N SECUNDARIA Y FORMACI\u00d3N PROFESIONAL","potentialAction":[{"@type":"SearchAction","target":{"@type":"EntryPoint","urlTemplate":"https:\/\/iessoldeportocarrero.com\/?s={search_term_string}"},"query-input":"required name=search_term_string"}],"inLanguage":"es"},{"@type":"Person","@id":"https:\/\/iessoldeportocarrero.com\/#\/schema\/person\/c143d2d036811e362054181df6a0cf08","name":"admin","image":{"@type":"ImageObject","inLanguage":"es","@id":"https:\/\/iessoldeportocarrero.com\/#\/schema\/person\/image\/","url":"https:\/\/secure.gravatar.com\/avatar\/2a8be5b512813919f72f94340ec143bbd6c2df599722972e236d59fcea563a2d?s=96&d=mm&r=g","contentUrl":"https:\/\/secure.gravatar.com\/avatar\/2a8be5b512813919f72f94340ec143bbd6c2df599722972e236d59fcea563a2d?s=96&d=mm&r=g","caption":"admin"},"sameAs":["https:\/\/iessoldeportocarrero.com"],"url":"https:\/\/iessoldeportocarrero.com\/?author=1"}]}},"jetpack_featured_media_url":"https:\/\/iessoldeportocarrero.com\/wp-content\/uploads\/2024\/12\/IMG_3135-min-scaled.jpeg","jetpack_sharing_enabled":true,"jetpack-related-posts":[{"id":3158,"url":"https:\/\/iessoldeportocarrero.com\/?p=3158","url_meta":{"origin":2917,"position":0},"title":"D\u00cdA INTERNACIONAL DEL LIBRO (23 DE ABRIL 2025)","author":"Ana Bel\u00e9n Mart\u00ednez Garc\u00eda","date":"mayo 8, 2025","format":false,"excerpt":"El d\u00eda 23 de abril se celebra el D\u00eda Internacional del Libro para homenajear a escritores como William Shakespeare o Miguel de Cervantes, fomentar la lectura y promover el respeto por los derechos de autor. En nuestro centro se han programado actividades durante los d\u00edas 22, 23 y 24 de\u2026","rel":"","context":"En \u00abCENTRO\u00bb","block_context":{"text":"CENTRO","link":"https:\/\/iessoldeportocarrero.com\/?cat=13"},"img":{"alt_text":"","src":"https:\/\/i0.wp.com\/iessoldeportocarrero.com\/wp-content\/uploads\/2025\/05\/WhatsApp-Image-2025-05-08-at-16.53.40.jpeg?resize=350%2C200&ssl=1","width":350,"height":200,"srcset":"https:\/\/i0.wp.com\/iessoldeportocarrero.com\/wp-content\/uploads\/2025\/05\/WhatsApp-Image-2025-05-08-at-16.53.40.jpeg?resize=350%2C200&ssl=1 1x, https:\/\/i0.wp.com\/iessoldeportocarrero.com\/wp-content\/uploads\/2025\/05\/WhatsApp-Image-2025-05-08-at-16.53.40.jpeg?resize=525%2C300&ssl=1 1.5x, https:\/\/i0.wp.com\/iessoldeportocarrero.com\/wp-content\/uploads\/2025\/05\/WhatsApp-Image-2025-05-08-at-16.53.40.jpeg?resize=700%2C400&ssl=1 2x, https:\/\/i0.wp.com\/iessoldeportocarrero.com\/wp-content\/uploads\/2025\/05\/WhatsApp-Image-2025-05-08-at-16.53.40.jpeg?resize=1050%2C600&ssl=1 3x, https:\/\/i0.wp.com\/iessoldeportocarrero.com\/wp-content\/uploads\/2025\/05\/WhatsApp-Image-2025-05-08-at-16.53.40.jpeg?resize=1400%2C800&ssl=1 4x"},"classes":[]},{"id":3651,"url":"https:\/\/iessoldeportocarrero.com\/?p=3651","url_meta":{"origin":2917,"position":1},"title":"Nuestra alumna Ainhoa Pedrosa Berenguel: Premio extraordinario de la ESO 2024-25","author":"admin","date":"diciembre 10, 2025","format":false,"excerpt":"Comunicamos a toda la comunidad educativa una excelente noticia: nuestra alumna Ainhoa Pedrosa Berenguel ha obtenido premio extraordinario de la ESO 2024-25, concedido a los\u00a0 alumnos\/as con mejores expedientes de entre los que\u00a0 finalizaron la etapa en toda Andaluc\u00eda el curso pasado.Es un reconocimiento al esfuerzo y la constancia, valores\u2026","rel":"","context":"En \u00abCENTRO\u00bb","block_context":{"text":"CENTRO","link":"https:\/\/iessoldeportocarrero.com\/?cat=13"},"img":{"alt_text":"","src":"https:\/\/i0.wp.com\/iessoldeportocarrero.com\/wp-content\/uploads\/2025\/12\/WhatsApp-Image-2025-12-10-at-20.30.58.jpeg?resize=350%2C200&ssl=1","width":350,"height":200,"srcset":"https:\/\/i0.wp.com\/iessoldeportocarrero.com\/wp-content\/uploads\/2025\/12\/WhatsApp-Image-2025-12-10-at-20.30.58.jpeg?resize=350%2C200&ssl=1 1x, https:\/\/i0.wp.com\/iessoldeportocarrero.com\/wp-content\/uploads\/2025\/12\/WhatsApp-Image-2025-12-10-at-20.30.58.jpeg?resize=525%2C300&ssl=1 1.5x, https:\/\/i0.wp.com\/iessoldeportocarrero.com\/wp-content\/uploads\/2025\/12\/WhatsApp-Image-2025-12-10-at-20.30.58.jpeg?resize=700%2C400&ssl=1 2x, https:\/\/i0.wp.com\/iessoldeportocarrero.com\/wp-content\/uploads\/2025\/12\/WhatsApp-Image-2025-12-10-at-20.30.58.jpeg?resize=1050%2C600&ssl=1 3x, https:\/\/i0.wp.com\/iessoldeportocarrero.com\/wp-content\/uploads\/2025\/12\/WhatsApp-Image-2025-12-10-at-20.30.58.jpeg?resize=1400%2C800&ssl=1 4x"},"classes":[]},{"id":2550,"url":"https:\/\/iessoldeportocarrero.com\/?p=2550","url_meta":{"origin":2917,"position":2},"title":"EL ESCRITOR ALBERTO CONEJERO VISITA EL IES SOL DE PORTOCARRERO","author":"admin","date":"mayo 28, 2024","format":false,"excerpt":"El conocido dramaturgo y poeta, Alberto Conejero, visit\u00f3 el viernes 24 de mayo el instituto Sol de Portocarrero (La Ca\u00f1ada, Almer\u00eda). Esta actividad fue el resultado de la concesi\u00f3n por parte del Ministerio de Cultura del proyecto \u201cEncuentros literarios\u201d organizado por la Direcci\u00f3n General del Libro, del C\u00f3mic y de\u2026","rel":"","context":"En \u00abCENTRO\u00bb","block_context":{"text":"CENTRO","link":"https:\/\/iessoldeportocarrero.com\/?cat=13"},"img":{"alt_text":"","src":"https:\/\/i0.wp.com\/iessoldeportocarrero.com\/wp-content\/uploads\/2024\/05\/IMG-20240528-WA0004.jpg?resize=350%2C200&ssl=1","width":350,"height":200,"srcset":"https:\/\/i0.wp.com\/iessoldeportocarrero.com\/wp-content\/uploads\/2024\/05\/IMG-20240528-WA0004.jpg?resize=350%2C200&ssl=1 1x, https:\/\/i0.wp.com\/iessoldeportocarrero.com\/wp-content\/uploads\/2024\/05\/IMG-20240528-WA0004.jpg?resize=525%2C300&ssl=1 1.5x"},"classes":[]},{"id":3122,"url":"https:\/\/iessoldeportocarrero.com\/?p=3122","url_meta":{"origin":2917,"position":3},"title":"Concurso de cuadernos de clase","author":"admin","date":"abril 11, 2025","format":false,"excerpt":"Premiamos a los mejores cuadernos de clase del alumnado de la etapa de la ESO; valorando su orden, limpieza e implicaci\u00f3n en el trabajo de diario que se refleja en sus cuadernos. Ganadores y ganadoras\u00a0 Yani Wu de 1 ESO D por su cuaderno de Matem\u00e1ticas\u00a0 Aitana Padilla de 2\u2026","rel":"","context":"En \u00abCENTRO\u00bb","block_context":{"text":"CENTRO","link":"https:\/\/iessoldeportocarrero.com\/?cat=13"},"img":{"alt_text":"","src":"https:\/\/i0.wp.com\/iessoldeportocarrero.com\/wp-content\/uploads\/2025\/04\/Imagen-de-WhatsApp-2025-04-11-a-las-08.42.58_fbb4c74c-1-150x150.jpg?resize=350%2C200&ssl=1","width":350,"height":200,"srcset":"https:\/\/i0.wp.com\/iessoldeportocarrero.com\/wp-content\/uploads\/2025\/04\/Imagen-de-WhatsApp-2025-04-11-a-las-08.42.58_fbb4c74c-1-150x150.jpg?resize=350%2C200&ssl=1 1x, https:\/\/i0.wp.com\/iessoldeportocarrero.com\/wp-content\/uploads\/2025\/04\/Imagen-de-WhatsApp-2025-04-11-a-las-08.42.58_fbb4c74c-1-150x150.jpg?resize=525%2C300&ssl=1 1.5x, https:\/\/i0.wp.com\/iessoldeportocarrero.com\/wp-content\/uploads\/2025\/04\/Imagen-de-WhatsApp-2025-04-11-a-las-08.42.58_fbb4c74c-1-150x150.jpg?resize=700%2C400&ssl=1 2x, https:\/\/i0.wp.com\/iessoldeportocarrero.com\/wp-content\/uploads\/2025\/04\/Imagen-de-WhatsApp-2025-04-11-a-las-08.42.58_fbb4c74c-1-150x150.jpg?resize=1050%2C600&ssl=1 3x"},"classes":[]},{"id":2956,"url":"https:\/\/iessoldeportocarrero.com\/?p=2956","url_meta":{"origin":2917,"position":4},"title":"CONCURSO PUERTAS NAVIDE\u00d1AS","author":"admin","date":"diciembre 20, 2024","format":false,"excerpt":"Este mes de diciembre hemos puesto en marcha el Primer Concurso de decoraci\u00f3n de \u201cPuertas Navide\u00f1as\u201d en el centro. Ha habido una gran participaci\u00f3n desde las diferentes tutor\u00edas y el jurado lo ha tenido muy dif\u00edcil pero estas son las puertas ganadoras. Los clases que han sido premiadas y aquellas\u2026","rel":"","context":"En \u00abCENTRO\u00bb","block_context":{"text":"CENTRO","link":"https:\/\/iessoldeportocarrero.com\/?cat=13"},"img":{"alt_text":"","src":"https:\/\/i0.wp.com\/iessoldeportocarrero.com\/wp-content\/uploads\/2024\/12\/image-1.png?resize=350%2C200&ssl=1","width":350,"height":200,"srcset":"https:\/\/i0.wp.com\/iessoldeportocarrero.com\/wp-content\/uploads\/2024\/12\/image-1.png?resize=350%2C200&ssl=1 1x, https:\/\/i0.wp.com\/iessoldeportocarrero.com\/wp-content\/uploads\/2024\/12\/image-1.png?resize=525%2C300&ssl=1 1.5x, https:\/\/i0.wp.com\/iessoldeportocarrero.com\/wp-content\/uploads\/2024\/12\/image-1.png?resize=700%2C400&ssl=1 2x"},"classes":[]},{"id":2857,"url":"https:\/\/iessoldeportocarrero.com\/?p=2857","url_meta":{"origin":2917,"position":5},"title":"COMPONENTES DEL DEPARTAMENTO","author":"Maria del Mar Ortiz","date":"noviembre 24, 2024","format":false,"excerpt":"El departamento de Ing\u00e9s est\u00e1 formado por:Carmen Jim\u00e9nez CasquetFrancisco Javier Revelles MedinaElena Gonz\u00e1lez Due\u00f1asMar\u00eda del Carmen Alarc\u00f3n Mart\u00ednezMar\u00eda del Carmen Alonso P\u00e9rezMar\u00eda Dolores Ortiz VillegasMar\u00eda del Mar Mota ForteMar\u00eda del Mar Ortiz EspinosaMarta Rodr\u00edguez MoyaMar Salvador G\u00f3nzalez LINKS WITH ACTIVITIES TO PREPARE THE EXAMS FROM PREVIOUS YEARS: https:\/\/agendaweb.org http:\/\/www.isabelperez.com https:\/\/www.ego4u.com\u2026","rel":"","context":"En \u00abINGL\u00c9S\u00bb","block_context":{"text":"INGL\u00c9S","link":"https:\/\/iessoldeportocarrero.com\/?cat=25"},"img":{"alt_text":"","src":"","width":0,"height":0},"classes":[]}],"_links":{"self":[{"href":"https:\/\/iessoldeportocarrero.com\/index.php?rest_route=\/wp\/v2\/posts\/2917","targetHints":{"allow":["GET"]}}],"collection":[{"href":"https:\/\/iessoldeportocarrero.com\/index.php?rest_route=\/wp\/v2\/posts"}],"about":[{"href":"https:\/\/iessoldeportocarrero.com\/index.php?rest_route=\/wp\/v2\/types\/post"}],"author":[{"embeddable":true,"href":"https:\/\/iessoldeportocarrero.com\/index.php?rest_route=\/wp\/v2\/users\/1"}],"replies":[{"embeddable":true,"href":"https:\/\/iessoldeportocarrero.com\/index.php?rest_route=%2Fwp%2Fv2%2Fcomments&post=2917"}],"version-history":[{"count":2,"href":"https:\/\/iessoldeportocarrero.com\/index.php?rest_route=\/wp\/v2\/posts\/2917\/revisions"}],"predecessor-version":[{"id":2930,"href":"https:\/\/iessoldeportocarrero.com\/index.php?rest_route=\/wp\/v2\/posts\/2917\/revisions\/2930"}],"wp:featuredmedia":[{"embeddable":true,"href":"https:\/\/iessoldeportocarrero.com\/index.php?rest_route=\/wp\/v2\/media\/2918"}],"wp:attachment":[{"href":"https:\/\/iessoldeportocarrero.com\/index.php?rest_route=%2Fwp%2Fv2%2Fmedia&parent=2917"}],"wp:term":[{"taxonomy":"category","embeddable":true,"href":"https:\/\/iessoldeportocarrero.com\/index.php?rest_route=%2Fwp%2Fv2%2Fcategories&post=2917"},{"taxonomy":"post_tag","embeddable":true,"href":"https:\/\/iessoldeportocarrero.com\/index.php?rest_route=%2Fwp%2Fv2%2Ftags&post=2917"}],"curies":[{"name":"wp","href":"https:\/\/api.w.org\/{rel}","templated":true}]}}