{"id":2852,"date":"2024-11-24T23:27:20","date_gmt":"2024-11-24T22:27:20","guid":{"rendered":"https:\/\/iessoldeportocarrero.com\/?p=2852"},"modified":"2024-11-26T13:45:46","modified_gmt":"2024-11-26T12:45:46","slug":"componentes-del-departamento-10","status":"publish","type":"post","link":"https:\/\/iessoldeportocarrero.com\/?p=2852","title":{"rendered":"COMPONENTES DEL DEPARTAMENTO"},"content":{"rendered":"\n<figure class=\"wp-block-table is-style-stripes\"><table><tbody><tr><td class=\"has-text-align-center\" data-align=\"center\"><strong>El departamento de Geograf\u00eda e Historia est\u00e1 formado por:<\/strong><\/td><\/tr><tr><td class=\"has-text-align-center\" data-align=\"center\">Garc\u00eda Lucas, Carlos<\/td><\/tr><tr><td class=\"has-text-align-center\" data-align=\"center\">Ana Bel\u00e9n Rodr\u00edguez Carmona<\/td><\/tr><tr><td class=\"has-text-align-center\" data-align=\"center\">Celestina Rozalen Fuentes<\/td><\/tr><tr><td class=\"has-text-align-center\" data-align=\"center\">Jos\u00e9 Tom\u00e1s G\u00e1zquez Ramos<\/td><\/tr><tr><td class=\"has-text-align-center\" data-align=\"center\">Marina Aguirre Montes<\/td><\/tr><tr><td class=\"has-text-align-center\" data-align=\"center\">Mar\u00eda del Mar Lillo Gonz\u00e1lez<\/td><\/tr><tr><td class=\"has-text-align-center\" data-align=\"center\">Pedro Jes\u00fas S\u00e1nchez Torrecillas<\/td><\/tr><tr><td class=\"has-text-align-center\" data-align=\"center\">Ruth Fern\u00e1ndez Escand\u00f3n<\/td><\/tr><\/tbody><\/table><\/figure>\n","protected":false},"excerpt":{"rendered":"<p>El departamento de Geograf\u00eda e Historia est\u00e1 formado por: Garc\u00eda Lucas, Carlos Ana Bel\u00e9n Rodr\u00edguez Carmona Celestina Rozalen Fuentes Jos\u00e9 Tom\u00e1s G\u00e1zquez Ramos Marina Aguirre Montes Mar\u00eda del Mar Lillo Gonz\u00e1lez Pedro Jes\u00fas S\u00e1nchez Torrecillas Ruth Fern\u00e1ndez Escand\u00f3n<\/p>\n","protected":false},"author":15,"featured_media":0,"comment_status":"closed","ping_status":"closed","sticky":false,"template":"","format":"standard","meta":{"_jetpack_memberships_contains_paid_content":false,"footnotes":""},"categories":[24],"tags":[],"class_list":["post-2852","post","type-post","status-publish","format-standard","hentry","category-geografia-e-historia"],"yoast_head":"<!-- This site is optimized with the Yoast SEO plugin v19.14 - https:\/\/yoast.com\/wordpress\/plugins\/seo\/ -->\n<title>COMPONENTES DEL DEPARTAMENTO - IES SOL DE PORTOCARRERO - LA LABORAL<\/title>\n<meta name=\"robots\" content=\"index, follow, max-snippet:-1, max-image-preview:large, max-video-preview:-1\" \/>\n<link rel=\"canonical\" href=\"https:\/\/iessoldeportocarrero.com\/?p=2852\" \/>\n<meta property=\"og:locale\" content=\"es_ES\" \/>\n<meta property=\"og:type\" content=\"article\" \/>\n<meta property=\"og:title\" content=\"COMPONENTES DEL DEPARTAMENTO - IES SOL DE PORTOCARRERO - LA LABORAL\" \/>\n<meta property=\"og:description\" content=\"El departamento de Geograf\u00eda e Historia est\u00e1 formado por: Garc\u00eda Lucas, Carlos Ana Bel\u00e9n Rodr\u00edguez Carmona Celestina Rozalen Fuentes Jos\u00e9 Tom\u00e1s G\u00e1zquez Ramos Marina Aguirre Montes Mar\u00eda del Mar Lillo Gonz\u00e1lez Pedro Jes\u00fas S\u00e1nchez Torrecillas Ruth Fern\u00e1ndez Escand\u00f3n\" \/>\n<meta property=\"og:url\" content=\"https:\/\/iessoldeportocarrero.com\/?p=2852\" \/>\n<meta property=\"og:site_name\" content=\"IES SOL DE PORTOCARRERO - LA LABORAL\" \/>\n<meta property=\"article:published_time\" content=\"2024-11-24T22:27:20+00:00\" \/>\n<meta property=\"article:modified_time\" content=\"2024-11-26T12:45:46+00:00\" \/>\n<meta name=\"author\" content=\"Pedro S\u00e1nchez Torrecillas\" \/>\n<meta name=\"twitter:card\" content=\"summary_large_image\" \/>\n<meta name=\"twitter:label1\" content=\"Escrito por\" \/>\n\t<meta name=\"twitter:data1\" content=\"Pedro S\u00e1nchez Torrecillas\" \/>\n\t<meta name=\"twitter:label2\" content=\"Tiempo de lectura\" \/>\n\t<meta name=\"twitter:data2\" content=\"1 minuto\" \/>\n<script type=\"application\/ld+json\" class=\"yoast-schema-graph\">{\"@context\":\"https:\/\/schema.org\",\"@graph\":[{\"@type\":\"WebPage\",\"@id\":\"https:\/\/iessoldeportocarrero.com\/?p=2852\",\"url\":\"https:\/\/iessoldeportocarrero.com\/?p=2852\",\"name\":\"COMPONENTES DEL DEPARTAMENTO - IES SOL DE PORTOCARRERO - LA LABORAL\",\"isPartOf\":{\"@id\":\"https:\/\/iessoldeportocarrero.com\/#website\"},\"datePublished\":\"2024-11-24T22:27:20+00:00\",\"dateModified\":\"2024-11-26T12:45:46+00:00\",\"author\":{\"@id\":\"https:\/\/iessoldeportocarrero.com\/#\/schema\/person\/196245c522b0e5529bcc22cfca244693\"},\"breadcrumb\":{\"@id\":\"https:\/\/iessoldeportocarrero.com\/?p=2852#breadcrumb\"},\"inLanguage\":\"es\",\"potentialAction\":[{\"@type\":\"ReadAction\",\"target\":[\"https:\/\/iessoldeportocarrero.com\/?p=2852\"]}]},{\"@type\":\"BreadcrumbList\",\"@id\":\"https:\/\/iessoldeportocarrero.com\/?p=2852#breadcrumb\",\"itemListElement\":[{\"@type\":\"ListItem\",\"position\":1,\"name\":\"Home\",\"item\":\"https:\/\/iessoldeportocarrero.com\/\"},{\"@type\":\"ListItem\",\"position\":2,\"name\":\"COMPONENTES DEL DEPARTAMENTO\"}]},{\"@type\":\"WebSite\",\"@id\":\"https:\/\/iessoldeportocarrero.com\/#website\",\"url\":\"https:\/\/iessoldeportocarrero.com\/\",\"name\":\"IES SOL DE PORTOCARRERO - LA LABORAL\",\"description\":\"INSTITUTO DE EDUCACI\u00d3N SECUNDARIA Y FORMACI\u00d3N PROFESIONAL\",\"potentialAction\":[{\"@type\":\"SearchAction\",\"target\":{\"@type\":\"EntryPoint\",\"urlTemplate\":\"https:\/\/iessoldeportocarrero.com\/?s={search_term_string}\"},\"query-input\":\"required name=search_term_string\"}],\"inLanguage\":\"es\"},{\"@type\":\"Person\",\"@id\":\"https:\/\/iessoldeportocarrero.com\/#\/schema\/person\/196245c522b0e5529bcc22cfca244693\",\"name\":\"Pedro S\u00e1nchez Torrecillas\",\"image\":{\"@type\":\"ImageObject\",\"inLanguage\":\"es\",\"@id\":\"https:\/\/iessoldeportocarrero.com\/#\/schema\/person\/image\/\",\"url\":\"https:\/\/secure.gravatar.com\/avatar\/907e2239d3cc38c6461570d59771cc51efda87d40cb4ce55ab17ac15bfa9a564?s=96&d=mm&r=g\",\"contentUrl\":\"https:\/\/secure.gravatar.com\/avatar\/907e2239d3cc38c6461570d59771cc51efda87d40cb4ce55ab17ac15bfa9a564?s=96&d=mm&r=g\",\"caption\":\"Pedro S\u00e1nchez Torrecillas\"},\"url\":\"https:\/\/iessoldeportocarrero.com\/?author=15\"}]}<\/script>\n<!-- \/ Yoast SEO plugin. -->","yoast_head_json":{"title":"COMPONENTES DEL DEPARTAMENTO - IES SOL DE PORTOCARRERO - LA LABORAL","robots":{"index":"index","follow":"follow","max-snippet":"max-snippet:-1","max-image-preview":"max-image-preview:large","max-video-preview":"max-video-preview:-1"},"canonical":"https:\/\/iessoldeportocarrero.com\/?p=2852","og_locale":"es_ES","og_type":"article","og_title":"COMPONENTES DEL DEPARTAMENTO - IES SOL DE PORTOCARRERO - LA LABORAL","og_description":"El departamento de Geograf\u00eda e Historia est\u00e1 formado por: Garc\u00eda Lucas, Carlos Ana Bel\u00e9n Rodr\u00edguez Carmona Celestina Rozalen Fuentes Jos\u00e9 Tom\u00e1s G\u00e1zquez Ramos Marina Aguirre Montes Mar\u00eda del Mar Lillo Gonz\u00e1lez Pedro Jes\u00fas S\u00e1nchez Torrecillas Ruth Fern\u00e1ndez Escand\u00f3n","og_url":"https:\/\/iessoldeportocarrero.com\/?p=2852","og_site_name":"IES SOL DE PORTOCARRERO - LA LABORAL","article_published_time":"2024-11-24T22:27:20+00:00","article_modified_time":"2024-11-26T12:45:46+00:00","author":"Pedro S\u00e1nchez Torrecillas","twitter_card":"summary_large_image","twitter_misc":{"Escrito por":"Pedro S\u00e1nchez Torrecillas","Tiempo de lectura":"1 minuto"},"schema":{"@context":"https:\/\/schema.org","@graph":[{"@type":"WebPage","@id":"https:\/\/iessoldeportocarrero.com\/?p=2852","url":"https:\/\/iessoldeportocarrero.com\/?p=2852","name":"COMPONENTES DEL DEPARTAMENTO - IES SOL DE PORTOCARRERO - LA LABORAL","isPartOf":{"@id":"https:\/\/iessoldeportocarrero.com\/#website"},"datePublished":"2024-11-24T22:27:20+00:00","dateModified":"2024-11-26T12:45:46+00:00","author":{"@id":"https:\/\/iessoldeportocarrero.com\/#\/schema\/person\/196245c522b0e5529bcc22cfca244693"},"breadcrumb":{"@id":"https:\/\/iessoldeportocarrero.com\/?p=2852#breadcrumb"},"inLanguage":"es","potentialAction":[{"@type":"ReadAction","target":["https:\/\/iessoldeportocarrero.com\/?p=2852"]}]},{"@type":"BreadcrumbList","@id":"https:\/\/iessoldeportocarrero.com\/?p=2852#breadcrumb","itemListElement":[{"@type":"ListItem","position":1,"name":"Home","item":"https:\/\/iessoldeportocarrero.com\/"},{"@type":"ListItem","position":2,"name":"COMPONENTES DEL DEPARTAMENTO"}]},{"@type":"WebSite","@id":"https:\/\/iessoldeportocarrero.com\/#website","url":"https:\/\/iessoldeportocarrero.com\/","name":"IES SOL DE PORTOCARRERO - LA LABORAL","description":"INSTITUTO DE EDUCACI\u00d3N SECUNDARIA Y FORMACI\u00d3N PROFESIONAL","potentialAction":[{"@type":"SearchAction","target":{"@type":"EntryPoint","urlTemplate":"https:\/\/iessoldeportocarrero.com\/?s={search_term_string}"},"query-input":"required name=search_term_string"}],"inLanguage":"es"},{"@type":"Person","@id":"https:\/\/iessoldeportocarrero.com\/#\/schema\/person\/196245c522b0e5529bcc22cfca244693","name":"Pedro S\u00e1nchez Torrecillas","image":{"@type":"ImageObject","inLanguage":"es","@id":"https:\/\/iessoldeportocarrero.com\/#\/schema\/person\/image\/","url":"https:\/\/secure.gravatar.com\/avatar\/907e2239d3cc38c6461570d59771cc51efda87d40cb4ce55ab17ac15bfa9a564?s=96&d=mm&r=g","contentUrl":"https:\/\/secure.gravatar.com\/avatar\/907e2239d3cc38c6461570d59771cc51efda87d40cb4ce55ab17ac15bfa9a564?s=96&d=mm&r=g","caption":"Pedro S\u00e1nchez Torrecillas"},"url":"https:\/\/iessoldeportocarrero.com\/?author=15"}]}},"jetpack_featured_media_url":"","jetpack_sharing_enabled":true,"jetpack-related-posts":[{"id":3122,"url":"https:\/\/iessoldeportocarrero.com\/?p=3122","url_meta":{"origin":2852,"position":0},"title":"Concurso de cuadernos de clase","author":"admin","date":"abril 11, 2025","format":false,"excerpt":"Premiamos a los mejores cuadernos de clase del alumnado de la etapa de la ESO; valorando su orden, limpieza e implicaci\u00f3n en el trabajo de diario que se refleja en sus cuadernos. Ganadores y ganadoras\u00a0 Yani Wu de 1 ESO D por su cuaderno de Matem\u00e1ticas\u00a0 Aitana Padilla de 2\u2026","rel":"","context":"En \u00abCENTRO\u00bb","block_context":{"text":"CENTRO","link":"https:\/\/iessoldeportocarrero.com\/?cat=13"},"img":{"alt_text":"","src":"https:\/\/i0.wp.com\/iessoldeportocarrero.com\/wp-content\/uploads\/2025\/04\/Imagen-de-WhatsApp-2025-04-11-a-las-08.42.58_fbb4c74c-1-150x150.jpg?resize=350%2C200&ssl=1","width":350,"height":200,"srcset":"https:\/\/i0.wp.com\/iessoldeportocarrero.com\/wp-content\/uploads\/2025\/04\/Imagen-de-WhatsApp-2025-04-11-a-las-08.42.58_fbb4c74c-1-150x150.jpg?resize=350%2C200&ssl=1 1x, https:\/\/i0.wp.com\/iessoldeportocarrero.com\/wp-content\/uploads\/2025\/04\/Imagen-de-WhatsApp-2025-04-11-a-las-08.42.58_fbb4c74c-1-150x150.jpg?resize=525%2C300&ssl=1 1.5x, https:\/\/i0.wp.com\/iessoldeportocarrero.com\/wp-content\/uploads\/2025\/04\/Imagen-de-WhatsApp-2025-04-11-a-las-08.42.58_fbb4c74c-1-150x150.jpg?resize=700%2C400&ssl=1 2x, https:\/\/i0.wp.com\/iessoldeportocarrero.com\/wp-content\/uploads\/2025\/04\/Imagen-de-WhatsApp-2025-04-11-a-las-08.42.58_fbb4c74c-1-150x150.jpg?resize=1050%2C600&ssl=1 3x"},"classes":[]},{"id":1328,"url":"https:\/\/iessoldeportocarrero.com\/?p=1328","url_meta":{"origin":2852,"position":1},"title":"Blog \u00abla cuna de Halicarnaso\u00bb","author":"admin","date":"mayo 10, 2023","format":false,"excerpt":"Blog del profesor Jose Antonio Lucero En este blog sobre historia encontrar\u00e9is multitud de divertidos v\u00eddeos en los que se explican las diferentes etapas de la historia.","rel":"","context":"En \u00abGEOGRAF\u00cdA E HISTORIA\u00bb","block_context":{"text":"GEOGRAF\u00cdA E HISTORIA","link":"https:\/\/iessoldeportocarrero.com\/?cat=24"},"img":{"alt_text":"","src":"https:\/\/i0.wp.com\/iessoldeportocarrero.com\/wp-content\/uploads\/2023\/05\/Captura-de-pantalla-de-2023-05-10-11-53-00.png?resize=350%2C200&ssl=1","width":350,"height":200},"classes":[]},{"id":2034,"url":"https:\/\/iessoldeportocarrero.com\/?p=2034","url_meta":{"origin":2852,"position":2},"title":"CLIMAS DEL MUNDO 1\u00ba E.S.O","author":"admin","date":"enero 25, 2024","format":false,"excerpt":"Situaci\u00f3n de aprendizaje: Los climas del mundo en una caja de zapatos. Realizado por alumnado de 1\u00ba de E.S.O","rel":"","context":"En \u00abCENTRO\u00bb","block_context":{"text":"CENTRO","link":"https:\/\/iessoldeportocarrero.com\/?cat=13"},"img":{"alt_text":"","src":"https:\/\/i0.wp.com\/iessoldeportocarrero.com\/wp-content\/uploads\/2024\/01\/9-scaled-e1706258298995.jpg?resize=350%2C200&ssl=1","width":350,"height":200,"srcset":"https:\/\/i0.wp.com\/iessoldeportocarrero.com\/wp-content\/uploads\/2024\/01\/9-scaled-e1706258298995.jpg?resize=350%2C200&ssl=1 1x, https:\/\/i0.wp.com\/iessoldeportocarrero.com\/wp-content\/uploads\/2024\/01\/9-scaled-e1706258298995.jpg?resize=525%2C300&ssl=1 1.5x, https:\/\/i0.wp.com\/iessoldeportocarrero.com\/wp-content\/uploads\/2024\/01\/9-scaled-e1706258298995.jpg?resize=700%2C400&ssl=1 2x, https:\/\/i0.wp.com\/iessoldeportocarrero.com\/wp-content\/uploads\/2024\/01\/9-scaled-e1706258298995.jpg?resize=1050%2C600&ssl=1 3x, https:\/\/i0.wp.com\/iessoldeportocarrero.com\/wp-content\/uploads\/2024\/01\/9-scaled-e1706258298995.jpg?resize=1400%2C800&ssl=1 4x"},"classes":[]},{"id":2133,"url":"https:\/\/iessoldeportocarrero.com\/?p=2133","url_meta":{"origin":2852,"position":3},"title":"Celebraci\u00f3n del d\u00eda de la Paz en el IES Sol de Portocarrero","author":"Fran Caballero","date":"enero 31, 2024","format":false,"excerpt":"Los alumnos \/as celebraron el d\u00eda de la Paz con una representaci\u00f3n teatral de premios nobel famosos en la historia relacionados con la paz acompa\u00f1ados por una actuaci\u00f3n musical de alumnos\/as de 2\u00ba de ESO","rel":"","context":"En \u00abCENTRO\u00bb","block_context":{"text":"CENTRO","link":"https:\/\/iessoldeportocarrero.com\/?cat=13"},"img":{"alt_text":"","src":"https:\/\/i0.wp.com\/iessoldeportocarrero.com\/wp-content\/uploads\/2024\/01\/IMG-20240130-WA0028.jpg?resize=350%2C200&ssl=1","width":350,"height":200,"srcset":"https:\/\/i0.wp.com\/iessoldeportocarrero.com\/wp-content\/uploads\/2024\/01\/IMG-20240130-WA0028.jpg?resize=350%2C200&ssl=1 1x, https:\/\/i0.wp.com\/iessoldeportocarrero.com\/wp-content\/uploads\/2024\/01\/IMG-20240130-WA0028.jpg?resize=525%2C300&ssl=1 1.5x, https:\/\/i0.wp.com\/iessoldeportocarrero.com\/wp-content\/uploads\/2024\/01\/IMG-20240130-WA0028.jpg?resize=700%2C400&ssl=1 2x, https:\/\/i0.wp.com\/iessoldeportocarrero.com\/wp-content\/uploads\/2024\/01\/IMG-20240130-WA0028.jpg?resize=1050%2C600&ssl=1 3x, https:\/\/i0.wp.com\/iessoldeportocarrero.com\/wp-content\/uploads\/2024\/01\/IMG-20240130-WA0028.jpg?resize=1400%2C800&ssl=1 4x"},"classes":[]},{"id":3555,"url":"https:\/\/iessoldeportocarrero.com\/?p=3555","url_meta":{"origin":2852,"position":4},"title":"COMPOSICI\u00d3N DEL DEPARTAMENTO","author":"Jefe Departamento Educacion Fisica","date":"noviembre 20, 2025","format":false,"excerpt":"El departamento de Educaci\u00f3n F\u00edsica est\u00e1 formado por:Francisco Javier Mesa BretonesJuan Carlos Oliva VallejoInmaculada Garc\u00eda SuanezRoberto S\u00e1nchez Mart\u00ednez","rel":"","context":"En \u00abEDUCACI\u00d3N F\u00cdSICA\u00bb","block_context":{"text":"EDUCACI\u00d3N F\u00cdSICA","link":"https:\/\/iessoldeportocarrero.com\/?cat=19"},"img":{"alt_text":"","src":"","width":0,"height":0},"classes":[]},{"id":2835,"url":"https:\/\/iessoldeportocarrero.com\/?p=2835","url_meta":{"origin":2852,"position":5},"title":"COMPONENTES DEL DEPARTAMENTO","author":"Jefe departamento Econom\u00eda e Inform\u00e1tica","date":"noviembre 24, 2024","format":false,"excerpt":"","rel":"","context":"En \u00abECONOM\u00cdA\u00bb","block_context":{"text":"ECONOM\u00cdA","link":"https:\/\/iessoldeportocarrero.com\/?cat=18"},"img":{"alt_text":"","src":"","width":0,"height":0},"classes":[]}],"_links":{"self":[{"href":"https:\/\/iessoldeportocarrero.com\/index.php?rest_route=\/wp\/v2\/posts\/2852","targetHints":{"allow":["GET"]}}],"collection":[{"href":"https:\/\/iessoldeportocarrero.com\/index.php?rest_route=\/wp\/v2\/posts"}],"about":[{"href":"https:\/\/iessoldeportocarrero.com\/index.php?rest_route=\/wp\/v2\/types\/post"}],"author":[{"embeddable":true,"href":"https:\/\/iessoldeportocarrero.com\/index.php?rest_route=\/wp\/v2\/users\/15"}],"replies":[{"embeddable":true,"href":"https:\/\/iessoldeportocarrero.com\/index.php?rest_route=%2Fwp%2Fv2%2Fcomments&post=2852"}],"version-history":[{"count":2,"href":"https:\/\/iessoldeportocarrero.com\/index.php?rest_route=\/wp\/v2\/posts\/2852\/revisions"}],"predecessor-version":[{"id":2855,"href":"https:\/\/iessoldeportocarrero.com\/index.php?rest_route=\/wp\/v2\/posts\/2852\/revisions\/2855"}],"wp:attachment":[{"href":"https:\/\/iessoldeportocarrero.com\/index.php?rest_route=%2Fwp%2Fv2%2Fmedia&parent=2852"}],"wp:term":[{"taxonomy":"category","embeddable":true,"href":"https:\/\/iessoldeportocarrero.com\/index.php?rest_route=%2Fwp%2Fv2%2Fcategories&post=2852"},{"taxonomy":"post_tag","embeddable":true,"href":"https:\/\/iessoldeportocarrero.com\/index.php?rest_route=%2Fwp%2Fv2%2Ftags&post=2852"}],"curies":[{"name":"wp","href":"https:\/\/api.w.org\/{rel}","templated":true}]}}