{"id":2835,"date":"2024-11-24T23:03:02","date_gmt":"2024-11-24T22:03:02","guid":{"rendered":"https:\/\/iessoldeportocarrero.com\/?p=2835"},"modified":"2024-11-24T23:05:27","modified_gmt":"2024-11-24T22:05:27","slug":"componentes-del-departamento-6","status":"publish","type":"post","link":"https:\/\/iessoldeportocarrero.com\/?p=2835","title":{"rendered":"COMPONENTES DEL DEPARTAMENTO"},"content":{"rendered":"","protected":false},"excerpt":{"rendered":"","protected":false},"author":10,"featured_media":0,"comment_status":"closed","ping_status":"closed","sticky":false,"template":"","format":"standard","meta":{"_jetpack_memberships_contains_paid_content":false,"footnotes":""},"categories":[18],"tags":[],"class_list":["post-2835","post","type-post","status-publish","format-standard","hentry","category-economia"],"yoast_head":"<!-- This site is optimized with the Yoast SEO plugin v19.14 - https:\/\/yoast.com\/wordpress\/plugins\/seo\/ -->\n<title>COMPONENTES DEL DEPARTAMENTO - IES SOL DE PORTOCARRERO - LA LABORAL<\/title>\n<meta name=\"robots\" content=\"index, follow, max-snippet:-1, max-image-preview:large, max-video-preview:-1\" \/>\n<link rel=\"canonical\" href=\"https:\/\/iessoldeportocarrero.com\/?p=2835\" \/>\n<meta property=\"og:locale\" content=\"es_ES\" \/>\n<meta property=\"og:type\" content=\"article\" \/>\n<meta property=\"og:title\" content=\"COMPONENTES DEL DEPARTAMENTO - IES SOL DE PORTOCARRERO - LA LABORAL\" \/>\n<meta property=\"og:url\" content=\"https:\/\/iessoldeportocarrero.com\/?p=2835\" \/>\n<meta property=\"og:site_name\" content=\"IES SOL DE PORTOCARRERO - LA LABORAL\" \/>\n<meta property=\"article:published_time\" content=\"2024-11-24T22:03:02+00:00\" \/>\n<meta property=\"article:modified_time\" content=\"2024-11-24T22:05:27+00:00\" \/>\n<meta name=\"author\" content=\"Jefe departamento Econom\u00eda e Inform\u00e1tica\" \/>\n<meta name=\"twitter:card\" content=\"summary_large_image\" \/>\n<meta name=\"twitter:label1\" content=\"Escrito por\" \/>\n\t<meta name=\"twitter:data1\" content=\"Jefe departamento Econom\u00eda e Inform\u00e1tica\" \/>\n<script type=\"application\/ld+json\" class=\"yoast-schema-graph\">{\"@context\":\"https:\/\/schema.org\",\"@graph\":[{\"@type\":\"WebPage\",\"@id\":\"https:\/\/iessoldeportocarrero.com\/?p=2835\",\"url\":\"https:\/\/iessoldeportocarrero.com\/?p=2835\",\"name\":\"COMPONENTES DEL DEPARTAMENTO - IES SOL DE PORTOCARRERO - LA LABORAL\",\"isPartOf\":{\"@id\":\"https:\/\/iessoldeportocarrero.com\/#website\"},\"datePublished\":\"2024-11-24T22:03:02+00:00\",\"dateModified\":\"2024-11-24T22:05:27+00:00\",\"author\":{\"@id\":\"https:\/\/iessoldeportocarrero.com\/#\/schema\/person\/4e5f1277d8c3354307f2353400ff3995\"},\"breadcrumb\":{\"@id\":\"https:\/\/iessoldeportocarrero.com\/?p=2835#breadcrumb\"},\"inLanguage\":\"es\",\"potentialAction\":[{\"@type\":\"ReadAction\",\"target\":[\"https:\/\/iessoldeportocarrero.com\/?p=2835\"]}]},{\"@type\":\"BreadcrumbList\",\"@id\":\"https:\/\/iessoldeportocarrero.com\/?p=2835#breadcrumb\",\"itemListElement\":[{\"@type\":\"ListItem\",\"position\":1,\"name\":\"Home\",\"item\":\"https:\/\/iessoldeportocarrero.com\/\"},{\"@type\":\"ListItem\",\"position\":2,\"name\":\"COMPONENTES DEL DEPARTAMENTO\"}]},{\"@type\":\"WebSite\",\"@id\":\"https:\/\/iessoldeportocarrero.com\/#website\",\"url\":\"https:\/\/iessoldeportocarrero.com\/\",\"name\":\"IES SOL DE PORTOCARRERO - LA LABORAL\",\"description\":\"INSTITUTO DE EDUCACI\u00d3N SECUNDARIA Y FORMACI\u00d3N PROFESIONAL\",\"potentialAction\":[{\"@type\":\"SearchAction\",\"target\":{\"@type\":\"EntryPoint\",\"urlTemplate\":\"https:\/\/iessoldeportocarrero.com\/?s={search_term_string}\"},\"query-input\":\"required name=search_term_string\"}],\"inLanguage\":\"es\"},{\"@type\":\"Person\",\"@id\":\"https:\/\/iessoldeportocarrero.com\/#\/schema\/person\/4e5f1277d8c3354307f2353400ff3995\",\"name\":\"Jefe departamento Econom\u00eda e Inform\u00e1tica\",\"image\":{\"@type\":\"ImageObject\",\"inLanguage\":\"es\",\"@id\":\"https:\/\/iessoldeportocarrero.com\/#\/schema\/person\/image\/\",\"url\":\"https:\/\/secure.gravatar.com\/avatar\/c94f50c61371ad1768b2199b765e685f7ee1350657f1b4ce6b09d9a7ad85638a?s=96&d=mm&r=g\",\"contentUrl\":\"https:\/\/secure.gravatar.com\/avatar\/c94f50c61371ad1768b2199b765e685f7ee1350657f1b4ce6b09d9a7ad85638a?s=96&d=mm&r=g\",\"caption\":\"Jefe departamento Econom\u00eda e Inform\u00e1tica\"},\"url\":\"https:\/\/iessoldeportocarrero.com\/?author=10\"}]}<\/script>\n<!-- \/ Yoast SEO plugin. -->","yoast_head_json":{"title":"COMPONENTES DEL DEPARTAMENTO - IES SOL DE PORTOCARRERO - LA LABORAL","robots":{"index":"index","follow":"follow","max-snippet":"max-snippet:-1","max-image-preview":"max-image-preview:large","max-video-preview":"max-video-preview:-1"},"canonical":"https:\/\/iessoldeportocarrero.com\/?p=2835","og_locale":"es_ES","og_type":"article","og_title":"COMPONENTES DEL DEPARTAMENTO - IES SOL DE PORTOCARRERO - LA LABORAL","og_url":"https:\/\/iessoldeportocarrero.com\/?p=2835","og_site_name":"IES SOL DE PORTOCARRERO - LA LABORAL","article_published_time":"2024-11-24T22:03:02+00:00","article_modified_time":"2024-11-24T22:05:27+00:00","author":"Jefe departamento Econom\u00eda e Inform\u00e1tica","twitter_card":"summary_large_image","twitter_misc":{"Escrito por":"Jefe departamento Econom\u00eda e Inform\u00e1tica"},"schema":{"@context":"https:\/\/schema.org","@graph":[{"@type":"WebPage","@id":"https:\/\/iessoldeportocarrero.com\/?p=2835","url":"https:\/\/iessoldeportocarrero.com\/?p=2835","name":"COMPONENTES DEL DEPARTAMENTO - IES SOL DE PORTOCARRERO - LA LABORAL","isPartOf":{"@id":"https:\/\/iessoldeportocarrero.com\/#website"},"datePublished":"2024-11-24T22:03:02+00:00","dateModified":"2024-11-24T22:05:27+00:00","author":{"@id":"https:\/\/iessoldeportocarrero.com\/#\/schema\/person\/4e5f1277d8c3354307f2353400ff3995"},"breadcrumb":{"@id":"https:\/\/iessoldeportocarrero.com\/?p=2835#breadcrumb"},"inLanguage":"es","potentialAction":[{"@type":"ReadAction","target":["https:\/\/iessoldeportocarrero.com\/?p=2835"]}]},{"@type":"BreadcrumbList","@id":"https:\/\/iessoldeportocarrero.com\/?p=2835#breadcrumb","itemListElement":[{"@type":"ListItem","position":1,"name":"Home","item":"https:\/\/iessoldeportocarrero.com\/"},{"@type":"ListItem","position":2,"name":"COMPONENTES DEL DEPARTAMENTO"}]},{"@type":"WebSite","@id":"https:\/\/iessoldeportocarrero.com\/#website","url":"https:\/\/iessoldeportocarrero.com\/","name":"IES SOL DE PORTOCARRERO - LA LABORAL","description":"INSTITUTO DE EDUCACI\u00d3N SECUNDARIA Y FORMACI\u00d3N PROFESIONAL","potentialAction":[{"@type":"SearchAction","target":{"@type":"EntryPoint","urlTemplate":"https:\/\/iessoldeportocarrero.com\/?s={search_term_string}"},"query-input":"required name=search_term_string"}],"inLanguage":"es"},{"@type":"Person","@id":"https:\/\/iessoldeportocarrero.com\/#\/schema\/person\/4e5f1277d8c3354307f2353400ff3995","name":"Jefe departamento Econom\u00eda e Inform\u00e1tica","image":{"@type":"ImageObject","inLanguage":"es","@id":"https:\/\/iessoldeportocarrero.com\/#\/schema\/person\/image\/","url":"https:\/\/secure.gravatar.com\/avatar\/c94f50c61371ad1768b2199b765e685f7ee1350657f1b4ce6b09d9a7ad85638a?s=96&d=mm&r=g","contentUrl":"https:\/\/secure.gravatar.com\/avatar\/c94f50c61371ad1768b2199b765e685f7ee1350657f1b4ce6b09d9a7ad85638a?s=96&d=mm&r=g","caption":"Jefe departamento Econom\u00eda e Inform\u00e1tica"},"url":"https:\/\/iessoldeportocarrero.com\/?author=10"}]}},"jetpack_featured_media_url":"","jetpack_sharing_enabled":true,"jetpack-related-posts":[{"id":2827,"url":"https:\/\/iessoldeportocarrero.com\/?p=2827","url_meta":{"origin":2835,"position":0},"title":"COMPONENTES DEL DEPARTAMENTO","author":"Encarni Castro","date":"noviembre 24, 2024","format":false,"excerpt":"El Departamento de Cl\u00e1sicas est\u00e1 formado por:Mar\u00eda Encarnaci\u00f3n Castro Vida","rel":"","context":"En \u00abCL\u00c1SICAS\u00bb","block_context":{"text":"CL\u00c1SICAS","link":"https:\/\/iessoldeportocarrero.com\/?cat=16"},"img":{"alt_text":"","src":"","width":0,"height":0},"classes":[]},{"id":2849,"url":"https:\/\/iessoldeportocarrero.com\/?p=2849","url_meta":{"origin":2835,"position":1},"title":"COMPONENTES DEL DEPARTAMENTO","author":"admin","date":"noviembre 24, 2024","format":false,"excerpt":"El departamento de Franc\u00e9s est\u00e1 formado por:Cristina Ortega RuizTrinidad Jim\u00e9nez Garc\u00eda","rel":"","context":"En \u00abFRANC\u00c9S\u00bb","block_context":{"text":"FRANC\u00c9S","link":"https:\/\/iessoldeportocarrero.com\/?cat=23"},"img":{"alt_text":"","src":"","width":0,"height":0},"classes":[]},{"id":2863,"url":"https:\/\/iessoldeportocarrero.com\/?p=2863","url_meta":{"origin":2835,"position":2},"title":"COMPONENTES DEL DEPARTAMENTO","author":"Fran Caballero","date":"noviembre 24, 2024","format":false,"excerpt":"El departamento de M\u00fasica est\u00e1 formado por:Francisco Javier Caballero P\u00e9rezMiguel \u00c1ngel Camacho Rodr\u00edguez","rel":"","context":"En \u00abM\u00daSICA\u00bb","block_context":{"text":"M\u00daSICA","link":"https:\/\/iessoldeportocarrero.com\/?cat=28"},"img":{"alt_text":"","src":"","width":0,"height":0},"classes":[]},{"id":2831,"url":"https:\/\/iessoldeportocarrero.com\/?p=2831","url_meta":{"origin":2835,"position":3},"title":"COMPONENTES DEL DEPARTAMENTO","author":"Luisa Quiros","date":"noviembre 24, 2024","format":false,"excerpt":"El departamento de Dibujo est\u00e1 formado por:Mar\u00eda Luisa Quir\u00f3s GuerreroAlfonso Carlos Gonz\u00e1lez Arrieta","rel":"","context":"En \u00abDIBUJO\u00bb","block_context":{"text":"DIBUJO","link":"https:\/\/iessoldeportocarrero.com\/?cat=17"},"img":{"alt_text":"","src":"","width":0,"height":0},"classes":[]},{"id":2846,"url":"https:\/\/iessoldeportocarrero.com\/?p=2846","url_meta":{"origin":2835,"position":4},"title":"COMPONENTES DEL DEPARTAMENTO","author":"Lorena Rojo","date":"noviembre 24, 2024","format":false,"excerpt":"El departamento de FOL est\u00e1 formado por:Elisabet Soler L\u00f3pezJuana Castillo RojoLorena Rojo RubioRafael Luque BreaAzahara Garc\u00eda Victor","rel":"","context":"En \u00abFOL\u00bb","block_context":{"text":"FOL","link":"https:\/\/iessoldeportocarrero.com\/?cat=22"},"img":{"alt_text":"","src":"","width":0,"height":0},"classes":[]},{"id":2841,"url":"https:\/\/iessoldeportocarrero.com\/?p=2841","url_meta":{"origin":2835,"position":5},"title":"COMPONENTES DEL DEPARTAMENTO","author":"Lucas Rom\u00e1n S\u00e1ez","date":"noviembre 24, 2024","format":false,"excerpt":"El departamento de F\u00edsica y Qu\u00edmica est\u00e1 formado por:Fernando Mart\u00ednez L\u00f3pezJos\u00e9 Luis Montero PascualLucas Rom\u00e1n S\u00e1ezSusana P\u00e9rez Garc\u00eda","rel":"","context":"En \u00abF\u00cdSICA Y QU\u00cdMICA\u00bb","block_context":{"text":"F\u00cdSICA Y QU\u00cdMICA","link":"https:\/\/iessoldeportocarrero.com\/?cat=21"},"img":{"alt_text":"","src":"","width":0,"height":0},"classes":[]}],"_links":{"self":[{"href":"https:\/\/iessoldeportocarrero.com\/index.php?rest_route=\/wp\/v2\/posts\/2835","targetHints":{"allow":["GET"]}}],"collection":[{"href":"https:\/\/iessoldeportocarrero.com\/index.php?rest_route=\/wp\/v2\/posts"}],"about":[{"href":"https:\/\/iessoldeportocarrero.com\/index.php?rest_route=\/wp\/v2\/types\/post"}],"author":[{"embeddable":true,"href":"https:\/\/iessoldeportocarrero.com\/index.php?rest_route=\/wp\/v2\/users\/10"}],"replies":[{"embeddable":true,"href":"https:\/\/iessoldeportocarrero.com\/index.php?rest_route=%2Fwp%2Fv2%2Fcomments&post=2835"}],"version-history":[{"count":1,"href":"https:\/\/iessoldeportocarrero.com\/index.php?rest_route=\/wp\/v2\/posts\/2835\/revisions"}],"predecessor-version":[{"id":2838,"href":"https:\/\/iessoldeportocarrero.com\/index.php?rest_route=\/wp\/v2\/posts\/2835\/revisions\/2838"}],"wp:attachment":[{"href":"https:\/\/iessoldeportocarrero.com\/index.php?rest_route=%2Fwp%2Fv2%2Fmedia&parent=2835"}],"wp:term":[{"taxonomy":"category","embeddable":true,"href":"https:\/\/iessoldeportocarrero.com\/index.php?rest_route=%2Fwp%2Fv2%2Fcategories&post=2835"},{"taxonomy":"post_tag","embeddable":true,"href":"https:\/\/iessoldeportocarrero.com\/index.php?rest_route=%2Fwp%2Fv2%2Ftags&post=2835"}],"curies":[{"name":"wp","href":"https:\/\/api.w.org\/{rel}","templated":true}]}}