{"id":2827,"date":"2024-11-24T22:55:23","date_gmt":"2024-11-24T21:55:23","guid":{"rendered":"https:\/\/iessoldeportocarrero.com\/?p=2827"},"modified":"2024-11-24T23:05:45","modified_gmt":"2024-11-24T22:05:45","slug":"componentes-del-departamento-4","status":"publish","type":"post","link":"https:\/\/iessoldeportocarrero.com\/?p=2827","title":{"rendered":"COMPONENTES DEL DEPARTAMENTO"},"content":{"rendered":"\n<figure class=\"wp-block-table is-style-stripes\"><table><thead><tr><th class=\"has-text-align-center\" data-align=\"center\">El Departamento de Cl\u00e1sicas est\u00e1 formado por:<\/th><\/tr><\/thead><tbody><tr><td class=\"has-text-align-center\" data-align=\"center\">Mar\u00eda Encarnaci\u00f3n Castro Vida<\/td><\/tr><\/tbody><\/table><\/figure>\n","protected":false},"excerpt":{"rendered":"<p>El Departamento de Cl\u00e1sicas est\u00e1 formado por: Mar\u00eda Encarnaci\u00f3n Castro Vida<\/p>\n","protected":false},"author":8,"featured_media":0,"comment_status":"closed","ping_status":"closed","sticky":false,"template":"","format":"standard","meta":{"_jetpack_memberships_contains_paid_content":false,"footnotes":""},"categories":[16],"tags":[],"class_list":["post-2827","post","type-post","status-publish","format-standard","hentry","category-clasicas"],"yoast_head":"<!-- This site is optimized with the Yoast SEO plugin v19.14 - https:\/\/yoast.com\/wordpress\/plugins\/seo\/ -->\n<title>COMPONENTES DEL DEPARTAMENTO - IES SOL DE PORTOCARRERO - LA LABORAL<\/title>\n<meta name=\"robots\" content=\"index, follow, max-snippet:-1, max-image-preview:large, max-video-preview:-1\" \/>\n<link rel=\"canonical\" href=\"https:\/\/iessoldeportocarrero.com\/?p=2827\" \/>\n<meta property=\"og:locale\" content=\"es_ES\" \/>\n<meta property=\"og:type\" content=\"article\" \/>\n<meta property=\"og:title\" content=\"COMPONENTES DEL DEPARTAMENTO - IES SOL DE PORTOCARRERO - LA LABORAL\" \/>\n<meta property=\"og:description\" content=\"El Departamento de Cl\u00e1sicas est\u00e1 formado por: Mar\u00eda Encarnaci\u00f3n Castro Vida\" \/>\n<meta property=\"og:url\" content=\"https:\/\/iessoldeportocarrero.com\/?p=2827\" \/>\n<meta property=\"og:site_name\" content=\"IES SOL DE PORTOCARRERO - LA LABORAL\" \/>\n<meta property=\"article:published_time\" content=\"2024-11-24T21:55:23+00:00\" \/>\n<meta property=\"article:modified_time\" content=\"2024-11-24T22:05:45+00:00\" \/>\n<meta name=\"author\" content=\"Encarni Castro\" \/>\n<meta name=\"twitter:card\" content=\"summary_large_image\" \/>\n<meta name=\"twitter:label1\" content=\"Escrito por\" \/>\n\t<meta name=\"twitter:data1\" content=\"Encarni Castro\" \/>\n\t<meta name=\"twitter:label2\" content=\"Tiempo de lectura\" \/>\n\t<meta name=\"twitter:data2\" content=\"1 minuto\" \/>\n<script type=\"application\/ld+json\" class=\"yoast-schema-graph\">{\"@context\":\"https:\/\/schema.org\",\"@graph\":[{\"@type\":\"WebPage\",\"@id\":\"https:\/\/iessoldeportocarrero.com\/?p=2827\",\"url\":\"https:\/\/iessoldeportocarrero.com\/?p=2827\",\"name\":\"COMPONENTES DEL DEPARTAMENTO - IES SOL DE PORTOCARRERO - LA LABORAL\",\"isPartOf\":{\"@id\":\"https:\/\/iessoldeportocarrero.com\/#website\"},\"datePublished\":\"2024-11-24T21:55:23+00:00\",\"dateModified\":\"2024-11-24T22:05:45+00:00\",\"author\":{\"@id\":\"https:\/\/iessoldeportocarrero.com\/#\/schema\/person\/43a804983977f1b3674e6a2381defdbd\"},\"breadcrumb\":{\"@id\":\"https:\/\/iessoldeportocarrero.com\/?p=2827#breadcrumb\"},\"inLanguage\":\"es\",\"potentialAction\":[{\"@type\":\"ReadAction\",\"target\":[\"https:\/\/iessoldeportocarrero.com\/?p=2827\"]}]},{\"@type\":\"BreadcrumbList\",\"@id\":\"https:\/\/iessoldeportocarrero.com\/?p=2827#breadcrumb\",\"itemListElement\":[{\"@type\":\"ListItem\",\"position\":1,\"name\":\"Home\",\"item\":\"https:\/\/iessoldeportocarrero.com\/\"},{\"@type\":\"ListItem\",\"position\":2,\"name\":\"COMPONENTES DEL DEPARTAMENTO\"}]},{\"@type\":\"WebSite\",\"@id\":\"https:\/\/iessoldeportocarrero.com\/#website\",\"url\":\"https:\/\/iessoldeportocarrero.com\/\",\"name\":\"IES SOL DE PORTOCARRERO - LA LABORAL\",\"description\":\"INSTITUTO DE EDUCACI\u00d3N SECUNDARIA Y FORMACI\u00d3N PROFESIONAL\",\"potentialAction\":[{\"@type\":\"SearchAction\",\"target\":{\"@type\":\"EntryPoint\",\"urlTemplate\":\"https:\/\/iessoldeportocarrero.com\/?s={search_term_string}\"},\"query-input\":\"required name=search_term_string\"}],\"inLanguage\":\"es\"},{\"@type\":\"Person\",\"@id\":\"https:\/\/iessoldeportocarrero.com\/#\/schema\/person\/43a804983977f1b3674e6a2381defdbd\",\"name\":\"Encarni Castro\",\"image\":{\"@type\":\"ImageObject\",\"inLanguage\":\"es\",\"@id\":\"https:\/\/iessoldeportocarrero.com\/#\/schema\/person\/image\/\",\"url\":\"https:\/\/secure.gravatar.com\/avatar\/e17f37a9e7f55ba18610b2aa62b3e29d542585f487633ffecd04beb9fc17f9d3?s=96&d=mm&r=g\",\"contentUrl\":\"https:\/\/secure.gravatar.com\/avatar\/e17f37a9e7f55ba18610b2aa62b3e29d542585f487633ffecd04beb9fc17f9d3?s=96&d=mm&r=g\",\"caption\":\"Encarni Castro\"},\"url\":\"https:\/\/iessoldeportocarrero.com\/?author=8\"}]}<\/script>\n<!-- \/ Yoast SEO plugin. -->","yoast_head_json":{"title":"COMPONENTES DEL DEPARTAMENTO - IES SOL DE PORTOCARRERO - LA LABORAL","robots":{"index":"index","follow":"follow","max-snippet":"max-snippet:-1","max-image-preview":"max-image-preview:large","max-video-preview":"max-video-preview:-1"},"canonical":"https:\/\/iessoldeportocarrero.com\/?p=2827","og_locale":"es_ES","og_type":"article","og_title":"COMPONENTES DEL DEPARTAMENTO - IES SOL DE PORTOCARRERO - LA LABORAL","og_description":"El Departamento de Cl\u00e1sicas est\u00e1 formado por: Mar\u00eda Encarnaci\u00f3n Castro Vida","og_url":"https:\/\/iessoldeportocarrero.com\/?p=2827","og_site_name":"IES SOL DE PORTOCARRERO - LA LABORAL","article_published_time":"2024-11-24T21:55:23+00:00","article_modified_time":"2024-11-24T22:05:45+00:00","author":"Encarni Castro","twitter_card":"summary_large_image","twitter_misc":{"Escrito por":"Encarni Castro","Tiempo de lectura":"1 minuto"},"schema":{"@context":"https:\/\/schema.org","@graph":[{"@type":"WebPage","@id":"https:\/\/iessoldeportocarrero.com\/?p=2827","url":"https:\/\/iessoldeportocarrero.com\/?p=2827","name":"COMPONENTES DEL DEPARTAMENTO - IES SOL DE PORTOCARRERO - LA LABORAL","isPartOf":{"@id":"https:\/\/iessoldeportocarrero.com\/#website"},"datePublished":"2024-11-24T21:55:23+00:00","dateModified":"2024-11-24T22:05:45+00:00","author":{"@id":"https:\/\/iessoldeportocarrero.com\/#\/schema\/person\/43a804983977f1b3674e6a2381defdbd"},"breadcrumb":{"@id":"https:\/\/iessoldeportocarrero.com\/?p=2827#breadcrumb"},"inLanguage":"es","potentialAction":[{"@type":"ReadAction","target":["https:\/\/iessoldeportocarrero.com\/?p=2827"]}]},{"@type":"BreadcrumbList","@id":"https:\/\/iessoldeportocarrero.com\/?p=2827#breadcrumb","itemListElement":[{"@type":"ListItem","position":1,"name":"Home","item":"https:\/\/iessoldeportocarrero.com\/"},{"@type":"ListItem","position":2,"name":"COMPONENTES DEL DEPARTAMENTO"}]},{"@type":"WebSite","@id":"https:\/\/iessoldeportocarrero.com\/#website","url":"https:\/\/iessoldeportocarrero.com\/","name":"IES SOL DE PORTOCARRERO - LA LABORAL","description":"INSTITUTO DE EDUCACI\u00d3N SECUNDARIA Y FORMACI\u00d3N PROFESIONAL","potentialAction":[{"@type":"SearchAction","target":{"@type":"EntryPoint","urlTemplate":"https:\/\/iessoldeportocarrero.com\/?s={search_term_string}"},"query-input":"required name=search_term_string"}],"inLanguage":"es"},{"@type":"Person","@id":"https:\/\/iessoldeportocarrero.com\/#\/schema\/person\/43a804983977f1b3674e6a2381defdbd","name":"Encarni Castro","image":{"@type":"ImageObject","inLanguage":"es","@id":"https:\/\/iessoldeportocarrero.com\/#\/schema\/person\/image\/","url":"https:\/\/secure.gravatar.com\/avatar\/e17f37a9e7f55ba18610b2aa62b3e29d542585f487633ffecd04beb9fc17f9d3?s=96&d=mm&r=g","contentUrl":"https:\/\/secure.gravatar.com\/avatar\/e17f37a9e7f55ba18610b2aa62b3e29d542585f487633ffecd04beb9fc17f9d3?s=96&d=mm&r=g","caption":"Encarni Castro"},"url":"https:\/\/iessoldeportocarrero.com\/?author=8"}]}},"jetpack_featured_media_url":"","jetpack_sharing_enabled":true,"jetpack-related-posts":[{"id":2874,"url":"https:\/\/iessoldeportocarrero.com\/?p=2874","url_meta":{"origin":2827,"position":0},"title":"COMPONENTES DEL DEPARTAMENTO","author":"Jefe depatamento Lengua","date":"diciembre 1, 2025","format":false,"excerpt":"El departamento de Lengua est\u00e1 formado por:Ana Bel\u00e9n Mart\u00ednez Garc\u00eda (Sustituta: M\u00aa Victoria Herrada Rodr\u00edguez)Ana Bel\u00e9n R\u00edo S\u00e1nchezSergio Daniel Lozano Fern\u00e1ndezIrene Cort\u00e9s Arranz (Jefa de departamento)Isabel G\u00f3mez Rubio (Sustituto: Francisco Javier Pacheco G\u00f3mez)Ignacio Vega PrietoSara Nelia de Haro P\u00e9rezFrancisco Antonio Lara Garc\u00edaM\u00aa Encarnaci\u00f3n Castro Vida (Lenguas Cl\u00e1sicas) (Sustituta: M\u00aa Carmen\u2026","rel":"","context":"En \u00abLENGUA\u00bb","block_context":{"text":"LENGUA","link":"https:\/\/iessoldeportocarrero.com\/?cat=26"},"img":{"alt_text":"","src":"","width":0,"height":0},"classes":[]},{"id":2831,"url":"https:\/\/iessoldeportocarrero.com\/?p=2831","url_meta":{"origin":2827,"position":1},"title":"COMPONENTES DEL DEPARTAMENTO","author":"Luisa Quiros","date":"noviembre 24, 2024","format":false,"excerpt":"El departamento de Dibujo est\u00e1 formado por:Mar\u00eda Luisa Quir\u00f3s GuerreroAlfonso Carlos Gonz\u00e1lez Arrieta","rel":"","context":"En \u00abDIBUJO\u00bb","block_context":{"text":"DIBUJO","link":"https:\/\/iessoldeportocarrero.com\/?cat=17"},"img":{"alt_text":"","src":"","width":0,"height":0},"classes":[]},{"id":2857,"url":"https:\/\/iessoldeportocarrero.com\/?p=2857","url_meta":{"origin":2827,"position":2},"title":"COMPONENTES DEL DEPARTAMENTO","author":"Maria del Mar Ortiz","date":"noviembre 24, 2024","format":false,"excerpt":"El departamento de Ing\u00e9s est\u00e1 formado por:Carmen Jim\u00e9nez CasquetFrancisco Javier Revelles MedinaElena Gonz\u00e1lez Due\u00f1asMar\u00eda del Carmen Alarc\u00f3n Mart\u00ednezMar\u00eda del Carmen Alonso P\u00e9rezMar\u00eda Dolores Ortiz VillegasMar\u00eda del Mar Mota ForteMar\u00eda del Mar Ortiz EspinosaMarta Rodr\u00edguez MoyaMar Salvador G\u00f3nzalez LINKS WITH ACTIVITIES TO PREPARE THE EXAMS FROM PREVIOUS YEARS: https:\/\/agendaweb.org http:\/\/www.isabelperez.com https:\/\/www.ego4u.com\u2026","rel":"","context":"En \u00abINGL\u00c9S\u00bb","block_context":{"text":"INGL\u00c9S","link":"https:\/\/iessoldeportocarrero.com\/?cat=25"},"img":{"alt_text":"","src":"","width":0,"height":0},"classes":[]},{"id":2852,"url":"https:\/\/iessoldeportocarrero.com\/?p=2852","url_meta":{"origin":2827,"position":3},"title":"COMPONENTES DEL DEPARTAMENTO","author":"Pedro S\u00e1nchez Torrecillas","date":"noviembre 24, 2024","format":false,"excerpt":"El departamento de Geograf\u00eda e Historia est\u00e1 formado por:Garc\u00eda Lucas, CarlosAna Bel\u00e9n Rodr\u00edguez CarmonaCelestina Rozalen FuentesJos\u00e9 Tom\u00e1s G\u00e1zquez RamosMarina Aguirre MontesMar\u00eda del Mar Lillo Gonz\u00e1lezPedro Jes\u00fas S\u00e1nchez TorrecillasRuth Fern\u00e1ndez Escand\u00f3n","rel":"","context":"En \u00abGEOGRAF\u00cdA E HISTORIA\u00bb","block_context":{"text":"GEOGRAF\u00cdA E HISTORIA","link":"https:\/\/iessoldeportocarrero.com\/?cat=24"},"img":{"alt_text":"","src":"","width":0,"height":0},"classes":[]},{"id":2818,"url":"https:\/\/iessoldeportocarrero.com\/?p=2818","url_meta":{"origin":2827,"position":4},"title":"COMPONENTES DEL DEPARTAMENTO","author":"Rafael De Pato","date":"noviembre 24, 2024","format":false,"excerpt":"El departamento de Actividades F\u00edsicas est\u00e1 formado por:\u00c1ngel L\u00f3pez TorresSantiago L\u00f3pez\u00c1lvaro Ortega BuenoRafael Almaz\u00e1n Cervantes\u00c1ngel Suanes AguileraM\u00aa Jos\u00e9 BarrionuevoDiego Revueltas RuizMarina Rodr\u00edguezEduardo Viera QuevedoM\u00aa Jes\u00fas ArandaJuan Porcel P\u00e9rezManuel Beas Jim\u00e9nezManuel D\u00edaz MedinaMar\u00eda del Mar Vara SierraM\u00f3nica Acedo RubiraAlejandro Salmer\u00f3n NavarroRafael de Pato Barcel\u00f3Antonio P\u00e9rez Rodr\u00edguez Javier P\u00e9rez Natal\u00ed Veiga","rel":"","context":"En \u00abACTIVIDADES F\u00cdSICAS\u00bb","block_context":{"text":"ACTIVIDADES F\u00cdSICAS","link":"https:\/\/iessoldeportocarrero.com\/?cat=34"},"img":{"alt_text":"","src":"","width":0,"height":0},"classes":[]},{"id":2849,"url":"https:\/\/iessoldeportocarrero.com\/?p=2849","url_meta":{"origin":2827,"position":5},"title":"COMPONENTES DEL DEPARTAMENTO","author":"admin","date":"noviembre 24, 2024","format":false,"excerpt":"El departamento de Franc\u00e9s est\u00e1 formado por:Cristina Ortega RuizTrinidad Jim\u00e9nez Garc\u00eda","rel":"","context":"En \u00abFRANC\u00c9S\u00bb","block_context":{"text":"FRANC\u00c9S","link":"https:\/\/iessoldeportocarrero.com\/?cat=23"},"img":{"alt_text":"","src":"","width":0,"height":0},"classes":[]}],"_links":{"self":[{"href":"https:\/\/iessoldeportocarrero.com\/index.php?rest_route=\/wp\/v2\/posts\/2827","targetHints":{"allow":["GET"]}}],"collection":[{"href":"https:\/\/iessoldeportocarrero.com\/index.php?rest_route=\/wp\/v2\/posts"}],"about":[{"href":"https:\/\/iessoldeportocarrero.com\/index.php?rest_route=\/wp\/v2\/types\/post"}],"author":[{"embeddable":true,"href":"https:\/\/iessoldeportocarrero.com\/index.php?rest_route=\/wp\/v2\/users\/8"}],"replies":[{"embeddable":true,"href":"https:\/\/iessoldeportocarrero.com\/index.php?rest_route=%2Fwp%2Fv2%2Fcomments&post=2827"}],"version-history":[{"count":1,"href":"https:\/\/iessoldeportocarrero.com\/index.php?rest_route=\/wp\/v2\/posts\/2827\/revisions"}],"predecessor-version":[{"id":2829,"href":"https:\/\/iessoldeportocarrero.com\/index.php?rest_route=\/wp\/v2\/posts\/2827\/revisions\/2829"}],"wp:attachment":[{"href":"https:\/\/iessoldeportocarrero.com\/index.php?rest_route=%2Fwp%2Fv2%2Fmedia&parent=2827"}],"wp:term":[{"taxonomy":"category","embeddable":true,"href":"https:\/\/iessoldeportocarrero.com\/index.php?rest_route=%2Fwp%2Fv2%2Fcategories&post=2827"},{"taxonomy":"post_tag","embeddable":true,"href":"https:\/\/iessoldeportocarrero.com\/index.php?rest_route=%2Fwp%2Fv2%2Ftags&post=2827"}],"curies":[{"name":"wp","href":"https:\/\/api.w.org\/{rel}","templated":true}]}}