{"id":2699,"date":"2024-10-29T13:12:58","date_gmt":"2024-10-29T12:12:58","guid":{"rendered":"https:\/\/iessoldeportocarrero.com\/?p=2699"},"modified":"2024-11-19T10:15:52","modified_gmt":"2024-11-19T09:15:52","slug":"concierto-50-aniversario","status":"publish","type":"post","link":"https:\/\/iessoldeportocarrero.com\/?p=2699","title":{"rendered":"CONCIERTO. 50 ANIVERSARIO."},"content":{"rendered":"\n<p>El jueves 14 de Noviembre a las 8 de la tarde, tendr\u00e1 lugar la celebraci\u00f3n de un Concierto dentro de las actividades planificadas en el 50 ANIVERSARIO DE NUESTRO CENTRO.<\/p>\n","protected":false},"excerpt":{"rendered":"<p>El jueves 14 de Noviembre a las 8 de la tarde, tendr\u00e1 lugar la celebraci\u00f3n de un Concierto dentro de las actividades planificadas en el 50 ANIVERSARIO DE NUESTRO CENTRO.<\/p>\n","protected":false},"author":1,"featured_media":2701,"comment_status":"closed","ping_status":"closed","sticky":false,"template":"","format":"standard","meta":{"_jetpack_memberships_contains_paid_content":false,"footnotes":""},"categories":[46,13],"tags":[],"class_list":["post-2699","post","type-post","status-publish","format-standard","has-post-thumbnail","hentry","category-aniversario","category-centro"],"yoast_head":"<!-- This site is optimized with the Yoast SEO plugin v19.14 - https:\/\/yoast.com\/wordpress\/plugins\/seo\/ -->\n<title>CONCIERTO. 50 ANIVERSARIO. - IES SOL DE PORTOCARRERO - LA LABORAL<\/title>\n<meta name=\"robots\" content=\"index, follow, max-snippet:-1, max-image-preview:large, max-video-preview:-1\" \/>\n<link rel=\"canonical\" href=\"https:\/\/iessoldeportocarrero.com\/?p=2699\" \/>\n<meta property=\"og:locale\" content=\"es_ES\" \/>\n<meta property=\"og:type\" content=\"article\" \/>\n<meta property=\"og:title\" content=\"CONCIERTO. 50 ANIVERSARIO. - IES SOL DE PORTOCARRERO - LA LABORAL\" \/>\n<meta property=\"og:description\" content=\"El jueves 14 de Noviembre a las 8 de la tarde, tendr\u00e1 lugar la celebraci\u00f3n de un Concierto dentro de las actividades planificadas en el 50 ANIVERSARIO DE NUESTRO CENTRO.\" \/>\n<meta property=\"og:url\" content=\"https:\/\/iessoldeportocarrero.com\/?p=2699\" \/>\n<meta property=\"og:site_name\" content=\"IES SOL DE PORTOCARRERO - LA LABORAL\" \/>\n<meta property=\"article:published_time\" content=\"2024-10-29T12:12:58+00:00\" \/>\n<meta property=\"article:modified_time\" content=\"2024-11-19T09:15:52+00:00\" \/>\n<meta property=\"og:image\" content=\"https:\/\/iessoldeportocarrero.com\/wp-content\/uploads\/2024\/10\/concierto-50-aniversario-1.jpeg\" \/>\n\t<meta property=\"og:image:width\" content=\"1914\" \/>\n\t<meta property=\"og:image:height\" content=\"1080\" \/>\n\t<meta property=\"og:image:type\" content=\"image\/jpeg\" \/>\n<meta name=\"author\" content=\"admin\" \/>\n<meta name=\"twitter:card\" content=\"summary_large_image\" \/>\n<meta name=\"twitter:label1\" content=\"Escrito por\" \/>\n\t<meta name=\"twitter:data1\" content=\"admin\" \/>\n\t<meta name=\"twitter:label2\" content=\"Tiempo de lectura\" \/>\n\t<meta name=\"twitter:data2\" content=\"1 minuto\" \/>\n<script type=\"application\/ld+json\" class=\"yoast-schema-graph\">{\"@context\":\"https:\/\/schema.org\",\"@graph\":[{\"@type\":\"WebPage\",\"@id\":\"https:\/\/iessoldeportocarrero.com\/?p=2699\",\"url\":\"https:\/\/iessoldeportocarrero.com\/?p=2699\",\"name\":\"CONCIERTO. 50 ANIVERSARIO. - IES SOL DE PORTOCARRERO - LA LABORAL\",\"isPartOf\":{\"@id\":\"https:\/\/iessoldeportocarrero.com\/#website\"},\"datePublished\":\"2024-10-29T12:12:58+00:00\",\"dateModified\":\"2024-11-19T09:15:52+00:00\",\"author\":{\"@id\":\"https:\/\/iessoldeportocarrero.com\/#\/schema\/person\/c143d2d036811e362054181df6a0cf08\"},\"breadcrumb\":{\"@id\":\"https:\/\/iessoldeportocarrero.com\/?p=2699#breadcrumb\"},\"inLanguage\":\"es\",\"potentialAction\":[{\"@type\":\"ReadAction\",\"target\":[\"https:\/\/iessoldeportocarrero.com\/?p=2699\"]}]},{\"@type\":\"BreadcrumbList\",\"@id\":\"https:\/\/iessoldeportocarrero.com\/?p=2699#breadcrumb\",\"itemListElement\":[{\"@type\":\"ListItem\",\"position\":1,\"name\":\"Home\",\"item\":\"https:\/\/iessoldeportocarrero.com\/\"},{\"@type\":\"ListItem\",\"position\":2,\"name\":\"CONCIERTO. 50 ANIVERSARIO.\"}]},{\"@type\":\"WebSite\",\"@id\":\"https:\/\/iessoldeportocarrero.com\/#website\",\"url\":\"https:\/\/iessoldeportocarrero.com\/\",\"name\":\"IES SOL DE PORTOCARRERO - LA LABORAL\",\"description\":\"INSTITUTO DE EDUCACI\u00d3N SECUNDARIA Y FORMACI\u00d3N PROFESIONAL\",\"potentialAction\":[{\"@type\":\"SearchAction\",\"target\":{\"@type\":\"EntryPoint\",\"urlTemplate\":\"https:\/\/iessoldeportocarrero.com\/?s={search_term_string}\"},\"query-input\":\"required name=search_term_string\"}],\"inLanguage\":\"es\"},{\"@type\":\"Person\",\"@id\":\"https:\/\/iessoldeportocarrero.com\/#\/schema\/person\/c143d2d036811e362054181df6a0cf08\",\"name\":\"admin\",\"image\":{\"@type\":\"ImageObject\",\"inLanguage\":\"es\",\"@id\":\"https:\/\/iessoldeportocarrero.com\/#\/schema\/person\/image\/\",\"url\":\"https:\/\/secure.gravatar.com\/avatar\/2a8be5b512813919f72f94340ec143bbd6c2df599722972e236d59fcea563a2d?s=96&d=mm&r=g\",\"contentUrl\":\"https:\/\/secure.gravatar.com\/avatar\/2a8be5b512813919f72f94340ec143bbd6c2df599722972e236d59fcea563a2d?s=96&d=mm&r=g\",\"caption\":\"admin\"},\"sameAs\":[\"https:\/\/iessoldeportocarrero.com\"],\"url\":\"https:\/\/iessoldeportocarrero.com\/?author=1\"}]}<\/script>\n<!-- \/ Yoast SEO plugin. -->","yoast_head_json":{"title":"CONCIERTO. 50 ANIVERSARIO. - IES SOL DE PORTOCARRERO - LA LABORAL","robots":{"index":"index","follow":"follow","max-snippet":"max-snippet:-1","max-image-preview":"max-image-preview:large","max-video-preview":"max-video-preview:-1"},"canonical":"https:\/\/iessoldeportocarrero.com\/?p=2699","og_locale":"es_ES","og_type":"article","og_title":"CONCIERTO. 50 ANIVERSARIO. - IES SOL DE PORTOCARRERO - LA LABORAL","og_description":"El jueves 14 de Noviembre a las 8 de la tarde, tendr\u00e1 lugar la celebraci\u00f3n de un Concierto dentro de las actividades planificadas en el 50 ANIVERSARIO DE NUESTRO CENTRO.","og_url":"https:\/\/iessoldeportocarrero.com\/?p=2699","og_site_name":"IES SOL DE PORTOCARRERO - LA LABORAL","article_published_time":"2024-10-29T12:12:58+00:00","article_modified_time":"2024-11-19T09:15:52+00:00","og_image":[{"width":1914,"height":1080,"url":"https:\/\/iessoldeportocarrero.com\/wp-content\/uploads\/2024\/10\/concierto-50-aniversario-1.jpeg","type":"image\/jpeg"}],"author":"admin","twitter_card":"summary_large_image","twitter_misc":{"Escrito por":"admin","Tiempo de lectura":"1 minuto"},"schema":{"@context":"https:\/\/schema.org","@graph":[{"@type":"WebPage","@id":"https:\/\/iessoldeportocarrero.com\/?p=2699","url":"https:\/\/iessoldeportocarrero.com\/?p=2699","name":"CONCIERTO. 50 ANIVERSARIO. - IES SOL DE PORTOCARRERO - LA LABORAL","isPartOf":{"@id":"https:\/\/iessoldeportocarrero.com\/#website"},"datePublished":"2024-10-29T12:12:58+00:00","dateModified":"2024-11-19T09:15:52+00:00","author":{"@id":"https:\/\/iessoldeportocarrero.com\/#\/schema\/person\/c143d2d036811e362054181df6a0cf08"},"breadcrumb":{"@id":"https:\/\/iessoldeportocarrero.com\/?p=2699#breadcrumb"},"inLanguage":"es","potentialAction":[{"@type":"ReadAction","target":["https:\/\/iessoldeportocarrero.com\/?p=2699"]}]},{"@type":"BreadcrumbList","@id":"https:\/\/iessoldeportocarrero.com\/?p=2699#breadcrumb","itemListElement":[{"@type":"ListItem","position":1,"name":"Home","item":"https:\/\/iessoldeportocarrero.com\/"},{"@type":"ListItem","position":2,"name":"CONCIERTO. 50 ANIVERSARIO."}]},{"@type":"WebSite","@id":"https:\/\/iessoldeportocarrero.com\/#website","url":"https:\/\/iessoldeportocarrero.com\/","name":"IES SOL DE PORTOCARRERO - LA LABORAL","description":"INSTITUTO DE EDUCACI\u00d3N SECUNDARIA Y FORMACI\u00d3N PROFESIONAL","potentialAction":[{"@type":"SearchAction","target":{"@type":"EntryPoint","urlTemplate":"https:\/\/iessoldeportocarrero.com\/?s={search_term_string}"},"query-input":"required name=search_term_string"}],"inLanguage":"es"},{"@type":"Person","@id":"https:\/\/iessoldeportocarrero.com\/#\/schema\/person\/c143d2d036811e362054181df6a0cf08","name":"admin","image":{"@type":"ImageObject","inLanguage":"es","@id":"https:\/\/iessoldeportocarrero.com\/#\/schema\/person\/image\/","url":"https:\/\/secure.gravatar.com\/avatar\/2a8be5b512813919f72f94340ec143bbd6c2df599722972e236d59fcea563a2d?s=96&d=mm&r=g","contentUrl":"https:\/\/secure.gravatar.com\/avatar\/2a8be5b512813919f72f94340ec143bbd6c2df599722972e236d59fcea563a2d?s=96&d=mm&r=g","caption":"admin"},"sameAs":["https:\/\/iessoldeportocarrero.com"],"url":"https:\/\/iessoldeportocarrero.com\/?author=1"}]}},"jetpack_featured_media_url":"https:\/\/iessoldeportocarrero.com\/wp-content\/uploads\/2024\/10\/concierto-50-aniversario-1.jpeg","jetpack_sharing_enabled":true,"jetpack-related-posts":[{"id":2714,"url":"https:\/\/iessoldeportocarrero.com\/?p=2714","url_meta":{"origin":2699,"position":0},"title":"CONCIERTO 50 ANIVERSARIO, CON LA PARTICIPACI\u00d3N DE GRANDES M\u00daSICOS.","author":"Fran Caballero","date":"noviembre 18, 2024","format":false,"excerpt":"El concierto se desarroll\u00f3 a trav\u00e9s de distintas m\u00fasicas que inclu\u00edan m\u00fasica de cine , pop, espa\u00f1ola, etc.","rel":"","context":"En \u00abANIVERSARIO\u00bb","block_context":{"text":"ANIVERSARIO","link":"https:\/\/iessoldeportocarrero.com\/?cat=46"},"img":{"alt_text":"","src":"https:\/\/i0.wp.com\/iessoldeportocarrero.com\/wp-content\/uploads\/2024\/11\/IMG-20241114-WA0024.jpg?resize=350%2C200&ssl=1","width":350,"height":200,"srcset":"https:\/\/i0.wp.com\/iessoldeportocarrero.com\/wp-content\/uploads\/2024\/11\/IMG-20241114-WA0024.jpg?resize=350%2C200&ssl=1 1x, https:\/\/i0.wp.com\/iessoldeportocarrero.com\/wp-content\/uploads\/2024\/11\/IMG-20241114-WA0024.jpg?resize=525%2C300&ssl=1 1.5x, https:\/\/i0.wp.com\/iessoldeportocarrero.com\/wp-content\/uploads\/2024\/11\/IMG-20241114-WA0024.jpg?resize=700%2C400&ssl=1 2x, https:\/\/i0.wp.com\/iessoldeportocarrero.com\/wp-content\/uploads\/2024\/11\/IMG-20241114-WA0024.jpg?resize=1050%2C600&ssl=1 3x, https:\/\/i0.wp.com\/iessoldeportocarrero.com\/wp-content\/uploads\/2024\/11\/IMG-20241114-WA0024.jpg?resize=1400%2C800&ssl=1 4x"},"classes":[]},{"id":2694,"url":"https:\/\/iessoldeportocarrero.com\/?p=2694","url_meta":{"origin":2699,"position":1},"title":"50 ANIVERSARIO. UNIVERSIDAD LABORAL.","author":"admin","date":"octubre 29, 2024","format":false,"excerpt":"Este curso se conmemora el 50 aniversario de la inauguraci\u00f3n de nuestras instalaciones como Universidad Laboral. El pasado 10 de octubre tuvo lugar la celebraci\u00f3n\u00a0 oficial de este aniversario contando con la presencia de la Consejera de Desarrollo Educativo y Formaci\u00f3n Profesional acompa\u00f1ada por la Alcaldesa de Almer\u00eda, el vicepresidente\u2026","rel":"","context":"En \u00abANIVERSARIO\u00bb","block_context":{"text":"ANIVERSARIO","link":"https:\/\/iessoldeportocarrero.com\/?cat=46"},"img":{"alt_text":"","src":"https:\/\/i0.wp.com\/iessoldeportocarrero.com\/wp-content\/uploads\/2024\/10\/1.jpg?resize=350%2C200&ssl=1","width":350,"height":200,"srcset":"https:\/\/i0.wp.com\/iessoldeportocarrero.com\/wp-content\/uploads\/2024\/10\/1.jpg?resize=350%2C200&ssl=1 1x, https:\/\/i0.wp.com\/iessoldeportocarrero.com\/wp-content\/uploads\/2024\/10\/1.jpg?resize=525%2C300&ssl=1 1.5x, https:\/\/i0.wp.com\/iessoldeportocarrero.com\/wp-content\/uploads\/2024\/10\/1.jpg?resize=700%2C400&ssl=1 2x, https:\/\/i0.wp.com\/iessoldeportocarrero.com\/wp-content\/uploads\/2024\/10\/1.jpg?resize=1050%2C600&ssl=1 3x"},"classes":[]},{"id":3102,"url":"https:\/\/iessoldeportocarrero.com\/?p=3102","url_meta":{"origin":2699,"position":2},"title":"Tardes del Portocarrero: 9 de abril, \u00abEl teatro como experiencia total\u00bb (50 ANIVERSARIO)","author":"admin","date":"marzo 28, 2025","format":false,"excerpt":"El pr\u00f3ximo mi\u00e9rcoles 9 de abril a las 19:00, tendr\u00e1 lugar en el sal\u00f3n de actos de nuestro centro una actividad art\u00edstico-literaria que lleva por t\u00edtulo \"El teatro como experiencia total\". En ella, el profesor y experto en teatro \u00c1ngel Arqueros conducir\u00e1 la charla-coloquio \"El aula de teatro en la\u2026","rel":"","context":"En \u00abANIVERSARIO\u00bb","block_context":{"text":"ANIVERSARIO","link":"https:\/\/iessoldeportocarrero.com\/?cat=46"},"img":{"alt_text":"","src":"https:\/\/i0.wp.com\/iessoldeportocarrero.com\/wp-content\/uploads\/2025\/03\/IMG-20250324-WA0020-2.jpg?resize=350%2C200&ssl=1","width":350,"height":200,"srcset":"https:\/\/i0.wp.com\/iessoldeportocarrero.com\/wp-content\/uploads\/2025\/03\/IMG-20250324-WA0020-2.jpg?resize=350%2C200&ssl=1 1x, https:\/\/i0.wp.com\/iessoldeportocarrero.com\/wp-content\/uploads\/2025\/03\/IMG-20250324-WA0020-2.jpg?resize=525%2C300&ssl=1 1.5x"},"classes":[]},{"id":3037,"url":"https:\/\/iessoldeportocarrero.com\/?p=3037","url_meta":{"origin":2699,"position":3},"title":"\u00abTeatro del Siglo de Oro\u00bb, impartida por Antonio Serrano","author":"admin","date":"marzo 5, 2025","format":false,"excerpt":"\"Teatro del Siglo de Oro\", impartida por Antonio Serrano, director de las Jornadas de Teatro del Siglo de Oro de Almer\u00eda desde 1984 hasta 2010 (cuyo germen est\u00e1 en nuestro centro) e Irene Pardo, la actual directora del Festival Internacional de Teatro Cl\u00e1sico de Almagro. Ha sido un honor y\u2026","rel":"","context":"En \u00abANIVERSARIO\u00bb","block_context":{"text":"ANIVERSARIO","link":"https:\/\/iessoldeportocarrero.com\/?cat=46"},"img":{"alt_text":"","src":"https:\/\/i0.wp.com\/iessoldeportocarrero.com\/wp-content\/uploads\/2025\/03\/WhatsApp-Image-2025-02-25-at-17.12.51-2.jpeg?resize=350%2C200&ssl=1","width":350,"height":200,"srcset":"https:\/\/i0.wp.com\/iessoldeportocarrero.com\/wp-content\/uploads\/2025\/03\/WhatsApp-Image-2025-02-25-at-17.12.51-2.jpeg?resize=350%2C200&ssl=1 1x, https:\/\/i0.wp.com\/iessoldeportocarrero.com\/wp-content\/uploads\/2025\/03\/WhatsApp-Image-2025-02-25-at-17.12.51-2.jpeg?resize=525%2C300&ssl=1 1.5x, https:\/\/i0.wp.com\/iessoldeportocarrero.com\/wp-content\/uploads\/2025\/03\/WhatsApp-Image-2025-02-25-at-17.12.51-2.jpeg?resize=700%2C400&ssl=1 2x, https:\/\/i0.wp.com\/iessoldeportocarrero.com\/wp-content\/uploads\/2025\/03\/WhatsApp-Image-2025-02-25-at-17.12.51-2.jpeg?resize=1050%2C600&ssl=1 3x"},"classes":[]},{"id":2975,"url":"https:\/\/iessoldeportocarrero.com\/?p=2975","url_meta":{"origin":2699,"position":4},"title":"El dramaturgo Paco Bezerra ha visitado nuestro centro.Premio Nacional de Literatura Dram\u00e1tica.","author":"admin","date":"enero 13, 2025","format":false,"excerpt":"El dramaturgo Paco Bezerra ha visitado nuestro centro en una actividad organizada por el Departamento de Lengua Castellana y Literatura dentro del marco del 50\u00ba aniversario del instituto. Su fuerza arrolladora y su palabra siempre reivindicativa no han dejado indiferente al auditorio, alumnado de bachillerato y profesorado del centro. Una\u2026","rel":"","context":"En \u00abANIVERSARIO\u00bb","block_context":{"text":"ANIVERSARIO","link":"https:\/\/iessoldeportocarrero.com\/?cat=46"},"img":{"alt_text":"","src":"https:\/\/i0.wp.com\/iessoldeportocarrero.com\/wp-content\/uploads\/2025\/01\/IMG-20250110-WA0002.jpg?resize=350%2C200&ssl=1","width":350,"height":200,"srcset":"https:\/\/i0.wp.com\/iessoldeportocarrero.com\/wp-content\/uploads\/2025\/01\/IMG-20250110-WA0002.jpg?resize=350%2C200&ssl=1 1x, https:\/\/i0.wp.com\/iessoldeportocarrero.com\/wp-content\/uploads\/2025\/01\/IMG-20250110-WA0002.jpg?resize=525%2C300&ssl=1 1.5x, https:\/\/i0.wp.com\/iessoldeportocarrero.com\/wp-content\/uploads\/2025\/01\/IMG-20250110-WA0002.jpg?resize=700%2C400&ssl=1 2x, https:\/\/i0.wp.com\/iessoldeportocarrero.com\/wp-content\/uploads\/2025\/01\/IMG-20250110-WA0002.jpg?resize=1050%2C600&ssl=1 3x, https:\/\/i0.wp.com\/iessoldeportocarrero.com\/wp-content\/uploads\/2025\/01\/IMG-20250110-WA0002.jpg?resize=1400%2C800&ssl=1 4x"},"classes":[]},{"id":3333,"url":"https:\/\/iessoldeportocarrero.com\/?p=3333","url_meta":{"origin":2699,"position":5},"title":"Visita de la actriz Zaira Montes","author":"admin","date":"junio 17, 2025","format":false,"excerpt":"La actriz almeriense Zaira Montes visit\u00f3 hace unos d\u00edas el IES Sol de Portocarrero, lugar donde hizo sus estudios hace unos a\u00f1os. La int\u00e9rprete, nacida en Cabo de Gata, estuvo arropada por la profesora Irene Cort\u00e9s y mantuvo un encuentro con alumnos en el sal\u00f3n de actos del centro, donde\u2026","rel":"","context":"En \u00abANIVERSARIO\u00bb","block_context":{"text":"ANIVERSARIO","link":"https:\/\/iessoldeportocarrero.com\/?cat=46"},"img":{"alt_text":"","src":"https:\/\/i0.wp.com\/iessoldeportocarrero.com\/wp-content\/uploads\/2025\/06\/zaira.png?resize=350%2C200&ssl=1","width":350,"height":200,"srcset":"https:\/\/i0.wp.com\/iessoldeportocarrero.com\/wp-content\/uploads\/2025\/06\/zaira.png?resize=350%2C200&ssl=1 1x, https:\/\/i0.wp.com\/iessoldeportocarrero.com\/wp-content\/uploads\/2025\/06\/zaira.png?resize=525%2C300&ssl=1 1.5x"},"classes":[]}],"_links":{"self":[{"href":"https:\/\/iessoldeportocarrero.com\/index.php?rest_route=\/wp\/v2\/posts\/2699","targetHints":{"allow":["GET"]}}],"collection":[{"href":"https:\/\/iessoldeportocarrero.com\/index.php?rest_route=\/wp\/v2\/posts"}],"about":[{"href":"https:\/\/iessoldeportocarrero.com\/index.php?rest_route=\/wp\/v2\/types\/post"}],"author":[{"embeddable":true,"href":"https:\/\/iessoldeportocarrero.com\/index.php?rest_route=\/wp\/v2\/users\/1"}],"replies":[{"embeddable":true,"href":"https:\/\/iessoldeportocarrero.com\/index.php?rest_route=%2Fwp%2Fv2%2Fcomments&post=2699"}],"version-history":[{"count":1,"href":"https:\/\/iessoldeportocarrero.com\/index.php?rest_route=\/wp\/v2\/posts\/2699\/revisions"}],"predecessor-version":[{"id":2702,"href":"https:\/\/iessoldeportocarrero.com\/index.php?rest_route=\/wp\/v2\/posts\/2699\/revisions\/2702"}],"wp:featuredmedia":[{"embeddable":true,"href":"https:\/\/iessoldeportocarrero.com\/index.php?rest_route=\/wp\/v2\/media\/2701"}],"wp:attachment":[{"href":"https:\/\/iessoldeportocarrero.com\/index.php?rest_route=%2Fwp%2Fv2%2Fmedia&parent=2699"}],"wp:term":[{"taxonomy":"category","embeddable":true,"href":"https:\/\/iessoldeportocarrero.com\/index.php?rest_route=%2Fwp%2Fv2%2Fcategories&post=2699"},{"taxonomy":"post_tag","embeddable":true,"href":"https:\/\/iessoldeportocarrero.com\/index.php?rest_route=%2Fwp%2Fv2%2Ftags&post=2699"}],"curies":[{"name":"wp","href":"https:\/\/api.w.org\/{rel}","templated":true}]}}