{"id":2661,"date":"2024-09-13T17:32:26","date_gmt":"2024-09-13T15:32:26","guid":{"rendered":"https:\/\/iessoldeportocarrero.com\/?p=2661"},"modified":"2024-10-01T10:45:14","modified_gmt":"2024-10-01T08:45:14","slug":"comienzo-curso-escolar-24-25","status":"publish","type":"post","link":"https:\/\/iessoldeportocarrero.com\/?p=2661","title":{"rendered":"COMIENZO CURSO ESCOLAR 24\/25"},"content":{"rendered":"\n<p>Adjuntamos cuadrante con aulas y grupos para la incorporaci\u00f3n a clase del pr\u00f3ximo lunes 16 de septiembre. Por ser el primer s\u00f3lo se&nbsp; necesitar\u00e1 un cuaderno y bol\u00edgrafo.<\/p>\n\n\n\n<p>El alumnado se incorporar\u00e1 a las&nbsp;<strong>12:45<\/strong>&nbsp;y permanecer\u00e1 en el centro hasta las&nbsp;<strong>14:45.<\/strong><\/p>\n\n\n\n<p>El alumnado del 1er curso de todos los niveles permanecer\u00e1 en el exterior (zona de la escultura).<\/p>\n\n\n\n<p>El resto del alumnado entrar\u00e1 en primer lugar.<\/p>\n\n\n\n<p>Los tutores de los primeros cursos: 1\u00ba de ESO, 1\u00ba Bachillerato, 1\u00ba de Ciclos Formativos de Grado B\u00e1sico, Medio y Superior, recibir\u00e1n a los alumnos en la entrada del centro y los guiar\u00e1n hasta sus aulas.<\/p>\n\n\n\n<p>Los tutores del resto de niveles esperar\u00e1n a sus tutorandos en las aulas asignadas.<\/p>\n\n\n\n<p>El resto de profesores colaboraremos para que el alumnado acceda a sus aulas sin incidencias y apoyando a los tutores en la atenci\u00f3n a los mismos.&nbsp; &nbsp;<\/p>\n\n\n\n<p>Se expondr\u00e1n carteles en varios paneles en el vest\u00edbulo, los pasillos y sala de profesores.<\/p>\n\n\n\n<p>Deseamos a toda la comunidad educativa un curso tranquilo y provechoso.<\/p>\n\n\n\n<p>El equipo directivo<\/p>\n\n\n<div class=\"wp-block-image\">\n<figure class=\"aligncenter size-full is-resized\"><img fetchpriority=\"high\" decoding=\"async\" width=\"641\" height=\"816\" src=\"https:\/\/iessoldeportocarrero.com\/wp-content\/uploads\/2024\/09\/image-2.png\" alt=\"\" class=\"wp-image-2687\" style=\"object-fit:cover;width:807px;height:auto\" srcset=\"https:\/\/iessoldeportocarrero.com\/wp-content\/uploads\/2024\/09\/image-2.png 641w, https:\/\/iessoldeportocarrero.com\/wp-content\/uploads\/2024\/09\/image-2-236x300.png 236w, https:\/\/iessoldeportocarrero.com\/wp-content\/uploads\/2024\/09\/image-2-212x270.png 212w\" sizes=\"(max-width: 641px) 100vw, 641px\" \/><\/figure>\n<\/div>\n\n\n<p><\/p>\n","protected":false},"excerpt":{"rendered":"<p>Adjuntamos cuadrante con aulas y grupos para la incorporaci\u00f3n a clase del pr\u00f3ximo lunes 16 de septiembre. Por ser el primer s\u00f3lo se&nbsp; necesitar\u00e1 un cuaderno y bol\u00edgrafo. El alumnado se incorporar\u00e1 a las&nbsp;12:45&nbsp;y permanecer\u00e1 en el centro hasta las&nbsp;14:45. <a href=\"https:\/\/iessoldeportocarrero.com\/?p=2661\" class=\"read-more\">Leer m\u00e1s&#8230;<\/a><\/p>\n","protected":false},"author":1,"featured_media":2665,"comment_status":"closed","ping_status":"closed","sticky":false,"template":"","format":"standard","meta":{"_jetpack_memberships_contains_paid_content":false,"footnotes":""},"categories":[13],"tags":[],"class_list":["post-2661","post","type-post","status-publish","format-standard","has-post-thumbnail","hentry","category-centro"],"yoast_head":"<!-- This site is optimized with the Yoast SEO plugin v19.14 - https:\/\/yoast.com\/wordpress\/plugins\/seo\/ -->\n<title>COMIENZO CURSO ESCOLAR 24\/25 - IES SOL DE PORTOCARRERO - LA LABORAL<\/title>\n<meta name=\"robots\" content=\"index, follow, max-snippet:-1, max-image-preview:large, max-video-preview:-1\" \/>\n<link rel=\"canonical\" href=\"https:\/\/iessoldeportocarrero.com\/?p=2661\" \/>\n<meta property=\"og:locale\" content=\"es_ES\" \/>\n<meta property=\"og:type\" content=\"article\" \/>\n<meta property=\"og:title\" content=\"COMIENZO CURSO ESCOLAR 24\/25 - IES SOL DE PORTOCARRERO - LA LABORAL\" \/>\n<meta property=\"og:description\" content=\"Adjuntamos cuadrante con aulas y grupos para la incorporaci\u00f3n a clase del pr\u00f3ximo lunes 16 de septiembre. Por ser el primer s\u00f3lo se&nbsp; necesitar\u00e1 un cuaderno y bol\u00edgrafo. El alumnado se incorporar\u00e1 a las&nbsp;12:45&nbsp;y permanecer\u00e1 en el centro hasta las&nbsp;14:45. Leer m\u00e1s...\" \/>\n<meta property=\"og:url\" content=\"https:\/\/iessoldeportocarrero.com\/?p=2661\" \/>\n<meta property=\"og:site_name\" content=\"IES SOL DE PORTOCARRERO - LA LABORAL\" \/>\n<meta property=\"article:published_time\" content=\"2024-09-13T15:32:26+00:00\" \/>\n<meta property=\"article:modified_time\" content=\"2024-10-01T08:45:14+00:00\" \/>\n<meta property=\"og:image\" content=\"https:\/\/iessoldeportocarrero.com\/wp-content\/uploads\/2024\/09\/vuelta-a-clase-curso-24-25-andalucia-sol-de-portocarrero.png\" \/>\n\t<meta property=\"og:image:width\" content=\"1024\" \/>\n\t<meta property=\"og:image:height\" content=\"768\" \/>\n\t<meta property=\"og:image:type\" content=\"image\/png\" \/>\n<meta name=\"author\" content=\"admin\" \/>\n<meta name=\"twitter:card\" content=\"summary_large_image\" \/>\n<meta name=\"twitter:label1\" content=\"Escrito por\" \/>\n\t<meta name=\"twitter:data1\" content=\"admin\" \/>\n\t<meta name=\"twitter:label2\" content=\"Tiempo de lectura\" \/>\n\t<meta name=\"twitter:data2\" content=\"1 minuto\" \/>\n<script type=\"application\/ld+json\" class=\"yoast-schema-graph\">{\"@context\":\"https:\/\/schema.org\",\"@graph\":[{\"@type\":\"WebPage\",\"@id\":\"https:\/\/iessoldeportocarrero.com\/?p=2661\",\"url\":\"https:\/\/iessoldeportocarrero.com\/?p=2661\",\"name\":\"COMIENZO CURSO ESCOLAR 24\/25 - IES SOL DE PORTOCARRERO - LA LABORAL\",\"isPartOf\":{\"@id\":\"https:\/\/iessoldeportocarrero.com\/#website\"},\"datePublished\":\"2024-09-13T15:32:26+00:00\",\"dateModified\":\"2024-10-01T08:45:14+00:00\",\"author\":{\"@id\":\"https:\/\/iessoldeportocarrero.com\/#\/schema\/person\/c143d2d036811e362054181df6a0cf08\"},\"breadcrumb\":{\"@id\":\"https:\/\/iessoldeportocarrero.com\/?p=2661#breadcrumb\"},\"inLanguage\":\"es\",\"potentialAction\":[{\"@type\":\"ReadAction\",\"target\":[\"https:\/\/iessoldeportocarrero.com\/?p=2661\"]}]},{\"@type\":\"BreadcrumbList\",\"@id\":\"https:\/\/iessoldeportocarrero.com\/?p=2661#breadcrumb\",\"itemListElement\":[{\"@type\":\"ListItem\",\"position\":1,\"name\":\"Home\",\"item\":\"https:\/\/iessoldeportocarrero.com\/\"},{\"@type\":\"ListItem\",\"position\":2,\"name\":\"COMIENZO CURSO ESCOLAR 24\/25\"}]},{\"@type\":\"WebSite\",\"@id\":\"https:\/\/iessoldeportocarrero.com\/#website\",\"url\":\"https:\/\/iessoldeportocarrero.com\/\",\"name\":\"IES SOL DE PORTOCARRERO - LA LABORAL\",\"description\":\"INSTITUTO DE EDUCACI\u00d3N SECUNDARIA Y FORMACI\u00d3N PROFESIONAL\",\"potentialAction\":[{\"@type\":\"SearchAction\",\"target\":{\"@type\":\"EntryPoint\",\"urlTemplate\":\"https:\/\/iessoldeportocarrero.com\/?s={search_term_string}\"},\"query-input\":\"required name=search_term_string\"}],\"inLanguage\":\"es\"},{\"@type\":\"Person\",\"@id\":\"https:\/\/iessoldeportocarrero.com\/#\/schema\/person\/c143d2d036811e362054181df6a0cf08\",\"name\":\"admin\",\"image\":{\"@type\":\"ImageObject\",\"inLanguage\":\"es\",\"@id\":\"https:\/\/iessoldeportocarrero.com\/#\/schema\/person\/image\/\",\"url\":\"https:\/\/secure.gravatar.com\/avatar\/2a8be5b512813919f72f94340ec143bbd6c2df599722972e236d59fcea563a2d?s=96&d=mm&r=g\",\"contentUrl\":\"https:\/\/secure.gravatar.com\/avatar\/2a8be5b512813919f72f94340ec143bbd6c2df599722972e236d59fcea563a2d?s=96&d=mm&r=g\",\"caption\":\"admin\"},\"sameAs\":[\"https:\/\/iessoldeportocarrero.com\"],\"url\":\"https:\/\/iessoldeportocarrero.com\/?author=1\"}]}<\/script>\n<!-- \/ Yoast SEO plugin. -->","yoast_head_json":{"title":"COMIENZO CURSO ESCOLAR 24\/25 - IES SOL DE PORTOCARRERO - LA LABORAL","robots":{"index":"index","follow":"follow","max-snippet":"max-snippet:-1","max-image-preview":"max-image-preview:large","max-video-preview":"max-video-preview:-1"},"canonical":"https:\/\/iessoldeportocarrero.com\/?p=2661","og_locale":"es_ES","og_type":"article","og_title":"COMIENZO CURSO ESCOLAR 24\/25 - IES SOL DE PORTOCARRERO - LA LABORAL","og_description":"Adjuntamos cuadrante con aulas y grupos para la incorporaci\u00f3n a clase del pr\u00f3ximo lunes 16 de septiembre. Por ser el primer s\u00f3lo se&nbsp; necesitar\u00e1 un cuaderno y bol\u00edgrafo. El alumnado se incorporar\u00e1 a las&nbsp;12:45&nbsp;y permanecer\u00e1 en el centro hasta las&nbsp;14:45. Leer m\u00e1s...","og_url":"https:\/\/iessoldeportocarrero.com\/?p=2661","og_site_name":"IES SOL DE PORTOCARRERO - LA LABORAL","article_published_time":"2024-09-13T15:32:26+00:00","article_modified_time":"2024-10-01T08:45:14+00:00","og_image":[{"width":1024,"height":768,"url":"https:\/\/iessoldeportocarrero.com\/wp-content\/uploads\/2024\/09\/vuelta-a-clase-curso-24-25-andalucia-sol-de-portocarrero.png","type":"image\/png"}],"author":"admin","twitter_card":"summary_large_image","twitter_misc":{"Escrito por":"admin","Tiempo de lectura":"1 minuto"},"schema":{"@context":"https:\/\/schema.org","@graph":[{"@type":"WebPage","@id":"https:\/\/iessoldeportocarrero.com\/?p=2661","url":"https:\/\/iessoldeportocarrero.com\/?p=2661","name":"COMIENZO CURSO ESCOLAR 24\/25 - IES SOL DE PORTOCARRERO - LA LABORAL","isPartOf":{"@id":"https:\/\/iessoldeportocarrero.com\/#website"},"datePublished":"2024-09-13T15:32:26+00:00","dateModified":"2024-10-01T08:45:14+00:00","author":{"@id":"https:\/\/iessoldeportocarrero.com\/#\/schema\/person\/c143d2d036811e362054181df6a0cf08"},"breadcrumb":{"@id":"https:\/\/iessoldeportocarrero.com\/?p=2661#breadcrumb"},"inLanguage":"es","potentialAction":[{"@type":"ReadAction","target":["https:\/\/iessoldeportocarrero.com\/?p=2661"]}]},{"@type":"BreadcrumbList","@id":"https:\/\/iessoldeportocarrero.com\/?p=2661#breadcrumb","itemListElement":[{"@type":"ListItem","position":1,"name":"Home","item":"https:\/\/iessoldeportocarrero.com\/"},{"@type":"ListItem","position":2,"name":"COMIENZO CURSO ESCOLAR 24\/25"}]},{"@type":"WebSite","@id":"https:\/\/iessoldeportocarrero.com\/#website","url":"https:\/\/iessoldeportocarrero.com\/","name":"IES SOL DE PORTOCARRERO - LA LABORAL","description":"INSTITUTO DE EDUCACI\u00d3N SECUNDARIA Y FORMACI\u00d3N PROFESIONAL","potentialAction":[{"@type":"SearchAction","target":{"@type":"EntryPoint","urlTemplate":"https:\/\/iessoldeportocarrero.com\/?s={search_term_string}"},"query-input":"required name=search_term_string"}],"inLanguage":"es"},{"@type":"Person","@id":"https:\/\/iessoldeportocarrero.com\/#\/schema\/person\/c143d2d036811e362054181df6a0cf08","name":"admin","image":{"@type":"ImageObject","inLanguage":"es","@id":"https:\/\/iessoldeportocarrero.com\/#\/schema\/person\/image\/","url":"https:\/\/secure.gravatar.com\/avatar\/2a8be5b512813919f72f94340ec143bbd6c2df599722972e236d59fcea563a2d?s=96&d=mm&r=g","contentUrl":"https:\/\/secure.gravatar.com\/avatar\/2a8be5b512813919f72f94340ec143bbd6c2df599722972e236d59fcea563a2d?s=96&d=mm&r=g","caption":"admin"},"sameAs":["https:\/\/iessoldeportocarrero.com"],"url":"https:\/\/iessoldeportocarrero.com\/?author=1"}]}},"jetpack_featured_media_url":"https:\/\/iessoldeportocarrero.com\/wp-content\/uploads\/2024\/09\/vuelta-a-clase-curso-24-25-andalucia-sol-de-portocarrero.png","jetpack_sharing_enabled":true,"jetpack-related-posts":[{"id":3386,"url":"https:\/\/iessoldeportocarrero.com\/?p=3386","url_meta":{"origin":2661,"position":0},"title":"CARTA DE BIENVENIDA","author":"admin","date":"septiembre 11, 2025","format":false,"excerpt":"Estimadas familias y alumnado: el pr\u00f3ximo LUNES d\u00eda 15 de Septiembre comenzamos elnuevo curso escolar y el Claustro de profesorado del I.E.S Sol de Portocarrero os quieredar con ilusi\u00f3n la bienvenida.La jornada de recepci\u00f3n se desarrollar\u00e1 de 12:45 a 14:45 horas.El alumnado de 1\u00ba de ESO encontrar\u00e1 las listas expuestas\u2026","rel":"","context":"En \u00abCENTRO\u00bb","block_context":{"text":"CENTRO","link":"https:\/\/iessoldeportocarrero.com\/?cat=13"},"img":{"alt_text":"","src":"https:\/\/i0.wp.com\/iessoldeportocarrero.com\/wp-content\/uploads\/2025\/09\/BIENVENIDA-e1757579857102.png?resize=350%2C200&ssl=1","width":350,"height":200},"classes":[]},{"id":1775,"url":"https:\/\/iessoldeportocarrero.com\/?p=1775","url_meta":{"origin":2661,"position":1},"title":"BIENVENIDA DE INICIO DE CURSO","author":"admin","date":"septiembre 14, 2023","format":false,"excerpt":"Bienvenidos al nuevo curso escolar 2023\/2024. Las clases comienzan el 15 de Septiembre y aqu\u00ed ten\u00e9is toda la informaci\u00f3n de La jornada de recepci\u00f3n que se desarrollar\u00e1 de 12:45 a 14:45 horas. : * HORARIOS * LINEAS DE AUTOBUSES * NOVEDADES......","rel":"","context":"En \u00abCENTRO\u00bb","block_context":{"text":"CENTRO","link":"https:\/\/iessoldeportocarrero.com\/?cat=13"},"img":{"alt_text":"","src":"https:\/\/i0.wp.com\/iessoldeportocarrero.com\/wp-content\/uploads\/2023\/09\/ENTRADA-1.jpeg?resize=350%2C200&ssl=1","width":350,"height":200},"classes":[]},{"id":2533,"url":"https:\/\/iessoldeportocarrero.com\/?p=2533","url_meta":{"origin":2661,"position":2},"title":"Visita de socios Erasmus a nuestra aula espec\u00edfica","author":"Coordinador_bilingue","date":"mayo 23, 2024","format":false,"excerpt":"Nuestros socios Erasmus de Hungr\u00eda llevaron a cabo junto con nuestro alumnado del aula espec\u00edfica una bonita actividad en la que dieron forma a unas camisetas con nuestro logo.","rel":"","context":"En \u00abCENTRO\u00bb","block_context":{"text":"CENTRO","link":"https:\/\/iessoldeportocarrero.com\/?cat=13"},"img":{"alt_text":"","src":"https:\/\/i0.wp.com\/iessoldeportocarrero.com\/wp-content\/uploads\/2024\/05\/PHOTO-2024-05-14-13-16-58.jpg?resize=350%2C200&ssl=1","width":350,"height":200,"srcset":"https:\/\/i0.wp.com\/iessoldeportocarrero.com\/wp-content\/uploads\/2024\/05\/PHOTO-2024-05-14-13-16-58.jpg?resize=350%2C200&ssl=1 1x, https:\/\/i0.wp.com\/iessoldeportocarrero.com\/wp-content\/uploads\/2024\/05\/PHOTO-2024-05-14-13-16-58.jpg?resize=525%2C300&ssl=1 1.5x, https:\/\/i0.wp.com\/iessoldeportocarrero.com\/wp-content\/uploads\/2024\/05\/PHOTO-2024-05-14-13-16-58.jpg?resize=700%2C400&ssl=1 2x, https:\/\/i0.wp.com\/iessoldeportocarrero.com\/wp-content\/uploads\/2024\/05\/PHOTO-2024-05-14-13-16-58.jpg?resize=1050%2C600&ssl=1 3x, https:\/\/i0.wp.com\/iessoldeportocarrero.com\/wp-content\/uploads\/2024\/05\/PHOTO-2024-05-14-13-16-58.jpg?resize=1400%2C800&ssl=1 4x"},"classes":[]},{"id":1514,"url":"https:\/\/iessoldeportocarrero.com\/?p=1514","url_meta":{"origin":2661,"position":3},"title":"FASE PROVINCIAL DE LA OLIMPIADA DE GEOLOG\u00cdA 2023","author":"Jose Antonio Gonz\u00e1lez Rodr\u00edguez","date":"mayo 22, 2023","format":false,"excerpt":"24 alumnas\/os de 1\u00ba y 2\u00ba de bachillerato, acompa\u00f1ados por los profesores Jos\u00e9 Antonio Gonz\u00e1lez y Antonio Vargas, compitieron en la ma\u00f1ana del s\u00e1bado 18 de febrero con alumnado del resto de la provincia dejando, un a\u00f1o m\u00e1s, el list\u00f3n muy alto para nuestro instituto. Nuestra alumna Erika de la\u2026","rel":"","context":"En \u00abBIOLOG\u00cdA\u00bb","block_context":{"text":"BIOLOG\u00cdA","link":"https:\/\/iessoldeportocarrero.com\/?cat=15"},"img":{"alt_text":"","src":"https:\/\/i0.wp.com\/iessoldeportocarrero.com\/wp-content\/uploads\/2023\/05\/IMG20230218133025-2-scaled.jpg?resize=350%2C200&ssl=1","width":350,"height":200,"srcset":"https:\/\/i0.wp.com\/iessoldeportocarrero.com\/wp-content\/uploads\/2023\/05\/IMG20230218133025-2-scaled.jpg?resize=350%2C200&ssl=1 1x, https:\/\/i0.wp.com\/iessoldeportocarrero.com\/wp-content\/uploads\/2023\/05\/IMG20230218133025-2-scaled.jpg?resize=525%2C300&ssl=1 1.5x, https:\/\/i0.wp.com\/iessoldeportocarrero.com\/wp-content\/uploads\/2023\/05\/IMG20230218133025-2-scaled.jpg?resize=700%2C400&ssl=1 2x, https:\/\/i0.wp.com\/iessoldeportocarrero.com\/wp-content\/uploads\/2023\/05\/IMG20230218133025-2-scaled.jpg?resize=1050%2C600&ssl=1 3x, https:\/\/i0.wp.com\/iessoldeportocarrero.com\/wp-content\/uploads\/2023\/05\/IMG20230218133025-2-scaled.jpg?resize=1400%2C800&ssl=1 4x"},"classes":[]},{"id":3028,"url":"https:\/\/iessoldeportocarrero.com\/?p=3028","url_meta":{"origin":2661,"position":4},"title":"IV CONCURSO DE MARCAP\u00c1GINAS","author":"Ana Bel\u00e9n Mart\u00ednez Garc\u00eda","date":"febrero 7, 2025","format":false,"excerpt":"Para nuestro alumnado de 1\u00ba a 4\u00ba de E.S.O y Aula Espec\u00edfica.","rel":"","context":"En \u00abCENTRO\u00bb","block_context":{"text":"CENTRO","link":"https:\/\/iessoldeportocarrero.com\/?cat=13"},"img":{"alt_text":"","src":"https:\/\/i0.wp.com\/iessoldeportocarrero.com\/wp-content\/uploads\/2025\/02\/IV-CONCURSO-DE-MARCAPAGINAS-1-1.png?resize=350%2C200&ssl=1","width":350,"height":200,"srcset":"https:\/\/i0.wp.com\/iessoldeportocarrero.com\/wp-content\/uploads\/2025\/02\/IV-CONCURSO-DE-MARCAPAGINAS-1-1.png?resize=350%2C200&ssl=1 1x, https:\/\/i0.wp.com\/iessoldeportocarrero.com\/wp-content\/uploads\/2025\/02\/IV-CONCURSO-DE-MARCAPAGINAS-1-1.png?resize=525%2C300&ssl=1 1.5x, https:\/\/i0.wp.com\/iessoldeportocarrero.com\/wp-content\/uploads\/2025\/02\/IV-CONCURSO-DE-MARCAPAGINAS-1-1.png?resize=700%2C400&ssl=1 2x, https:\/\/i0.wp.com\/iessoldeportocarrero.com\/wp-content\/uploads\/2025\/02\/IV-CONCURSO-DE-MARCAPAGINAS-1-1.png?resize=1050%2C600&ssl=1 3x, https:\/\/i0.wp.com\/iessoldeportocarrero.com\/wp-content\/uploads\/2025\/02\/IV-CONCURSO-DE-MARCAPAGINAS-1-1.png?resize=1400%2C800&ssl=1 4x"},"classes":[]},{"id":3003,"url":"https:\/\/iessoldeportocarrero.com\/?p=3003","url_meta":{"origin":2661,"position":5},"title":"Paco Bezerra, en la prensa de Almer\u00eda. Visita su antiguo centro.","author":"admin","date":"enero 17, 2025","format":false,"excerpt":"El almeriense Paco Bezerra, Premio Nacional de Literatura Dram\u00e1tica, regres\u00f3 el pasado viernes a las aulas del IES Sol de Portocarrero, el instituto donde curs\u00f3 el bachillerato. Lo hizo para participar en un encuentro con estudiantes, Paco Bezerra, ante los estudiantes de su antiguo instituto: \u201cYo elijo ser libre\u201d El\u2026","rel":"","context":"En \u00abCENTRO\u00bb","block_context":{"text":"CENTRO","link":"https:\/\/iessoldeportocarrero.com\/?cat=13"},"img":{"alt_text":"","src":"https:\/\/i0.wp.com\/iessoldeportocarrero.com\/wp-content\/uploads\/2025\/01\/lavoz.webp?resize=350%2C200&ssl=1","width":350,"height":200,"srcset":"https:\/\/i0.wp.com\/iessoldeportocarrero.com\/wp-content\/uploads\/2025\/01\/lavoz.webp?resize=350%2C200&ssl=1 1x, https:\/\/i0.wp.com\/iessoldeportocarrero.com\/wp-content\/uploads\/2025\/01\/lavoz.webp?resize=525%2C300&ssl=1 1.5x, https:\/\/i0.wp.com\/iessoldeportocarrero.com\/wp-content\/uploads\/2025\/01\/lavoz.webp?resize=700%2C400&ssl=1 2x, https:\/\/i0.wp.com\/iessoldeportocarrero.com\/wp-content\/uploads\/2025\/01\/lavoz.webp?resize=1050%2C600&ssl=1 3x, https:\/\/i0.wp.com\/iessoldeportocarrero.com\/wp-content\/uploads\/2025\/01\/lavoz.webp?resize=1400%2C800&ssl=1 4x"},"classes":[]}],"_links":{"self":[{"href":"https:\/\/iessoldeportocarrero.com\/index.php?rest_route=\/wp\/v2\/posts\/2661","targetHints":{"allow":["GET"]}}],"collection":[{"href":"https:\/\/iessoldeportocarrero.com\/index.php?rest_route=\/wp\/v2\/posts"}],"about":[{"href":"https:\/\/iessoldeportocarrero.com\/index.php?rest_route=\/wp\/v2\/types\/post"}],"author":[{"embeddable":true,"href":"https:\/\/iessoldeportocarrero.com\/index.php?rest_route=\/wp\/v2\/users\/1"}],"replies":[{"embeddable":true,"href":"https:\/\/iessoldeportocarrero.com\/index.php?rest_route=%2Fwp%2Fv2%2Fcomments&post=2661"}],"version-history":[{"count":3,"href":"https:\/\/iessoldeportocarrero.com\/index.php?rest_route=\/wp\/v2\/posts\/2661\/revisions"}],"predecessor-version":[{"id":2688,"href":"https:\/\/iessoldeportocarrero.com\/index.php?rest_route=\/wp\/v2\/posts\/2661\/revisions\/2688"}],"wp:featuredmedia":[{"embeddable":true,"href":"https:\/\/iessoldeportocarrero.com\/index.php?rest_route=\/wp\/v2\/media\/2665"}],"wp:attachment":[{"href":"https:\/\/iessoldeportocarrero.com\/index.php?rest_route=%2Fwp%2Fv2%2Fmedia&parent=2661"}],"wp:term":[{"taxonomy":"category","embeddable":true,"href":"https:\/\/iessoldeportocarrero.com\/index.php?rest_route=%2Fwp%2Fv2%2Fcategories&post=2661"},{"taxonomy":"post_tag","embeddable":true,"href":"https:\/\/iessoldeportocarrero.com\/index.php?rest_route=%2Fwp%2Fv2%2Ftags&post=2661"}],"curies":[{"name":"wp","href":"https:\/\/api.w.org\/{rel}","templated":true}]}}