{"id":2596,"date":"2024-06-13T12:46:07","date_gmt":"2024-06-13T10:46:07","guid":{"rendered":"https:\/\/iessoldeportocarrero.com\/?p=2596"},"modified":"2024-06-13T13:31:06","modified_gmt":"2024-06-13T11:31:06","slug":"calendario-de-matriculacion-de-formacion-profesional-2024-2025","status":"publish","type":"post","link":"https:\/\/iessoldeportocarrero.com\/?p=2596","title":{"rendered":"Calendario de matriculaci\u00f3n de Formaci\u00f3n Profesional 2024\/2025"},"content":{"rendered":"\n<p>El calendario de matriculaci\u00f3n de Formaci\u00f3n Profesional para el curso 24\/25 , tiene como fechas claves: <\/p>\n\n\n\n<p>Del 15 de Junio al 1 de Julio de 2024: Presentaci\u00f3n de Solicitudes <\/p>\n\n\n\n<p>Del 25 de Junio al 1 de Julio de 2024: Matriculaci\u00f3n en 2\u00ba Curso y alumnado que repite matricula<\/p>\n\n\n\n<p><\/p>\n\n\n\n<p>Calendario completo en este enlace:<strong><a href=\"https:\/\/www.juntadeandalucia.es\/educacion\/portales\/web\/escolarizacion\/fp\/calendario\">CALENDARIO 2024<\/a><\/strong><\/p>\n\n\n\n<figure class=\"wp-block-image size-large\"><img fetchpriority=\"high\" decoding=\"async\" width=\"1024\" height=\"576\" src=\"https:\/\/iessoldeportocarrero.com\/wp-content\/uploads\/2024\/06\/1-5-1024x576.jpg\" alt=\"\" class=\"wp-image-2604\" srcset=\"https:\/\/iessoldeportocarrero.com\/wp-content\/uploads\/2024\/06\/1-5-1024x576.jpg 1024w, https:\/\/iessoldeportocarrero.com\/wp-content\/uploads\/2024\/06\/1-5-300x169.jpg 300w, https:\/\/iessoldeportocarrero.com\/wp-content\/uploads\/2024\/06\/1-5-768x432.jpg 768w, https:\/\/iessoldeportocarrero.com\/wp-content\/uploads\/2024\/06\/1-5-1536x864.jpg 1536w, https:\/\/iessoldeportocarrero.com\/wp-content\/uploads\/2024\/06\/1-5-360x203.jpg 360w, https:\/\/iessoldeportocarrero.com\/wp-content\/uploads\/2024\/06\/1-5.jpg 1920w\" sizes=\"(max-width: 1024px) 100vw, 1024px\" \/><\/figure>\n\n\n\n<p class=\"has-text-align-center\">Acceso a matriculaci\u00f3n online:<\/p>\n\n\n<div class=\"wp-block-image\">\n<figure class=\"aligncenter size-full\"><a href=\"https:\/\/www.juntadeandalucia.es\/educacion\/secretariavirtual\/\"><img decoding=\"async\" width=\"340\" height=\"72\" src=\"https:\/\/iessoldeportocarrero.com\/wp-content\/uploads\/2023\/02\/secretaria-virtual.jpg\" alt=\"\" class=\"wp-image-923\" srcset=\"https:\/\/iessoldeportocarrero.com\/wp-content\/uploads\/2023\/02\/secretaria-virtual.jpg 340w, https:\/\/iessoldeportocarrero.com\/wp-content\/uploads\/2023\/02\/secretaria-virtual-300x64.jpg 300w\" sizes=\"(max-width: 340px) 100vw, 340px\" \/><\/a><\/figure>\n<\/div>","protected":false},"excerpt":{"rendered":"<p>El calendario de matriculaci\u00f3n de Formaci\u00f3n Profesional para el curso 24\/25 , tiene como fechas claves: Del 15 de Junio al 1 de Julio de 2024: Presentaci\u00f3n de Solicitudes Del 25 de Junio al 1 de Julio de 2024: Matriculaci\u00f3n <a href=\"https:\/\/iessoldeportocarrero.com\/?p=2596\" class=\"read-more\">Leer m\u00e1s&#8230;<\/a><\/p>\n","protected":false},"author":1,"featured_media":2601,"comment_status":"closed","ping_status":"closed","sticky":false,"template":"","format":"standard","meta":{"_jetpack_memberships_contains_paid_content":false,"footnotes":""},"categories":[13],"tags":[],"class_list":["post-2596","post","type-post","status-publish","format-standard","has-post-thumbnail","hentry","category-centro"],"yoast_head":"<!-- This site is optimized with the Yoast SEO plugin v19.14 - https:\/\/yoast.com\/wordpress\/plugins\/seo\/ -->\n<title>Calendario de matriculaci\u00f3n de Formaci\u00f3n Profesional 2024\/2025 - IES SOL DE PORTOCARRERO - LA LABORAL<\/title>\n<meta name=\"robots\" content=\"index, follow, max-snippet:-1, max-image-preview:large, max-video-preview:-1\" \/>\n<link rel=\"canonical\" href=\"https:\/\/iessoldeportocarrero.com\/?p=2596\" \/>\n<meta property=\"og:locale\" content=\"es_ES\" \/>\n<meta property=\"og:type\" content=\"article\" \/>\n<meta property=\"og:title\" content=\"Calendario de matriculaci\u00f3n de Formaci\u00f3n Profesional 2024\/2025 - IES SOL DE PORTOCARRERO - LA LABORAL\" \/>\n<meta property=\"og:description\" content=\"El calendario de matriculaci\u00f3n de Formaci\u00f3n Profesional para el curso 24\/25 , tiene como fechas claves: Del 15 de Junio al 1 de Julio de 2024: Presentaci\u00f3n de Solicitudes Del 25 de Junio al 1 de Julio de 2024: Matriculaci\u00f3n Leer m\u00e1s...\" \/>\n<meta property=\"og:url\" content=\"https:\/\/iessoldeportocarrero.com\/?p=2596\" \/>\n<meta property=\"og:site_name\" content=\"IES SOL DE PORTOCARRERO - LA LABORAL\" \/>\n<meta property=\"article:published_time\" content=\"2024-06-13T10:46:07+00:00\" \/>\n<meta property=\"article:modified_time\" content=\"2024-06-13T11:31:06+00:00\" \/>\n<meta property=\"og:image\" content=\"https:\/\/iessoldeportocarrero.com\/wp-content\/uploads\/2024\/06\/Calendario-2425FP.png\" \/>\n\t<meta property=\"og:image:width\" content=\"695\" \/>\n\t<meta property=\"og:image:height\" content=\"195\" \/>\n\t<meta property=\"og:image:type\" content=\"image\/png\" \/>\n<meta name=\"author\" content=\"admin\" \/>\n<meta name=\"twitter:card\" content=\"summary_large_image\" \/>\n<meta name=\"twitter:label1\" content=\"Escrito por\" \/>\n\t<meta name=\"twitter:data1\" content=\"admin\" \/>\n<script type=\"application\/ld+json\" class=\"yoast-schema-graph\">{\"@context\":\"https:\/\/schema.org\",\"@graph\":[{\"@type\":\"WebPage\",\"@id\":\"https:\/\/iessoldeportocarrero.com\/?p=2596\",\"url\":\"https:\/\/iessoldeportocarrero.com\/?p=2596\",\"name\":\"Calendario de matriculaci\u00f3n de Formaci\u00f3n Profesional 2024\/2025 - IES SOL DE PORTOCARRERO - LA LABORAL\",\"isPartOf\":{\"@id\":\"https:\/\/iessoldeportocarrero.com\/#website\"},\"datePublished\":\"2024-06-13T10:46:07+00:00\",\"dateModified\":\"2024-06-13T11:31:06+00:00\",\"author\":{\"@id\":\"https:\/\/iessoldeportocarrero.com\/#\/schema\/person\/c143d2d036811e362054181df6a0cf08\"},\"breadcrumb\":{\"@id\":\"https:\/\/iessoldeportocarrero.com\/?p=2596#breadcrumb\"},\"inLanguage\":\"es\",\"potentialAction\":[{\"@type\":\"ReadAction\",\"target\":[\"https:\/\/iessoldeportocarrero.com\/?p=2596\"]}]},{\"@type\":\"BreadcrumbList\",\"@id\":\"https:\/\/iessoldeportocarrero.com\/?p=2596#breadcrumb\",\"itemListElement\":[{\"@type\":\"ListItem\",\"position\":1,\"name\":\"Home\",\"item\":\"https:\/\/iessoldeportocarrero.com\/\"},{\"@type\":\"ListItem\",\"position\":2,\"name\":\"Calendario de matriculaci\u00f3n de Formaci\u00f3n Profesional 2024\/2025\"}]},{\"@type\":\"WebSite\",\"@id\":\"https:\/\/iessoldeportocarrero.com\/#website\",\"url\":\"https:\/\/iessoldeportocarrero.com\/\",\"name\":\"IES SOL DE PORTOCARRERO - LA LABORAL\",\"description\":\"INSTITUTO DE EDUCACI\u00d3N SECUNDARIA Y FORMACI\u00d3N PROFESIONAL\",\"potentialAction\":[{\"@type\":\"SearchAction\",\"target\":{\"@type\":\"EntryPoint\",\"urlTemplate\":\"https:\/\/iessoldeportocarrero.com\/?s={search_term_string}\"},\"query-input\":\"required name=search_term_string\"}],\"inLanguage\":\"es\"},{\"@type\":\"Person\",\"@id\":\"https:\/\/iessoldeportocarrero.com\/#\/schema\/person\/c143d2d036811e362054181df6a0cf08\",\"name\":\"admin\",\"image\":{\"@type\":\"ImageObject\",\"inLanguage\":\"es\",\"@id\":\"https:\/\/iessoldeportocarrero.com\/#\/schema\/person\/image\/\",\"url\":\"https:\/\/secure.gravatar.com\/avatar\/2a8be5b512813919f72f94340ec143bbd6c2df599722972e236d59fcea563a2d?s=96&d=mm&r=g\",\"contentUrl\":\"https:\/\/secure.gravatar.com\/avatar\/2a8be5b512813919f72f94340ec143bbd6c2df599722972e236d59fcea563a2d?s=96&d=mm&r=g\",\"caption\":\"admin\"},\"sameAs\":[\"https:\/\/iessoldeportocarrero.com\"],\"url\":\"https:\/\/iessoldeportocarrero.com\/?author=1\"}]}<\/script>\n<!-- \/ Yoast SEO plugin. -->","yoast_head_json":{"title":"Calendario de matriculaci\u00f3n de Formaci\u00f3n Profesional 2024\/2025 - IES SOL DE PORTOCARRERO - LA LABORAL","robots":{"index":"index","follow":"follow","max-snippet":"max-snippet:-1","max-image-preview":"max-image-preview:large","max-video-preview":"max-video-preview:-1"},"canonical":"https:\/\/iessoldeportocarrero.com\/?p=2596","og_locale":"es_ES","og_type":"article","og_title":"Calendario de matriculaci\u00f3n de Formaci\u00f3n Profesional 2024\/2025 - IES SOL DE PORTOCARRERO - LA LABORAL","og_description":"El calendario de matriculaci\u00f3n de Formaci\u00f3n Profesional para el curso 24\/25 , tiene como fechas claves: Del 15 de Junio al 1 de Julio de 2024: Presentaci\u00f3n de Solicitudes Del 25 de Junio al 1 de Julio de 2024: Matriculaci\u00f3n Leer m\u00e1s...","og_url":"https:\/\/iessoldeportocarrero.com\/?p=2596","og_site_name":"IES SOL DE PORTOCARRERO - LA LABORAL","article_published_time":"2024-06-13T10:46:07+00:00","article_modified_time":"2024-06-13T11:31:06+00:00","og_image":[{"width":695,"height":195,"url":"https:\/\/iessoldeportocarrero.com\/wp-content\/uploads\/2024\/06\/Calendario-2425FP.png","type":"image\/png"}],"author":"admin","twitter_card":"summary_large_image","twitter_misc":{"Escrito por":"admin"},"schema":{"@context":"https:\/\/schema.org","@graph":[{"@type":"WebPage","@id":"https:\/\/iessoldeportocarrero.com\/?p=2596","url":"https:\/\/iessoldeportocarrero.com\/?p=2596","name":"Calendario de matriculaci\u00f3n de Formaci\u00f3n Profesional 2024\/2025 - IES SOL DE PORTOCARRERO - LA LABORAL","isPartOf":{"@id":"https:\/\/iessoldeportocarrero.com\/#website"},"datePublished":"2024-06-13T10:46:07+00:00","dateModified":"2024-06-13T11:31:06+00:00","author":{"@id":"https:\/\/iessoldeportocarrero.com\/#\/schema\/person\/c143d2d036811e362054181df6a0cf08"},"breadcrumb":{"@id":"https:\/\/iessoldeportocarrero.com\/?p=2596#breadcrumb"},"inLanguage":"es","potentialAction":[{"@type":"ReadAction","target":["https:\/\/iessoldeportocarrero.com\/?p=2596"]}]},{"@type":"BreadcrumbList","@id":"https:\/\/iessoldeportocarrero.com\/?p=2596#breadcrumb","itemListElement":[{"@type":"ListItem","position":1,"name":"Home","item":"https:\/\/iessoldeportocarrero.com\/"},{"@type":"ListItem","position":2,"name":"Calendario de matriculaci\u00f3n de Formaci\u00f3n Profesional 2024\/2025"}]},{"@type":"WebSite","@id":"https:\/\/iessoldeportocarrero.com\/#website","url":"https:\/\/iessoldeportocarrero.com\/","name":"IES SOL DE PORTOCARRERO - LA LABORAL","description":"INSTITUTO DE EDUCACI\u00d3N SECUNDARIA Y FORMACI\u00d3N PROFESIONAL","potentialAction":[{"@type":"SearchAction","target":{"@type":"EntryPoint","urlTemplate":"https:\/\/iessoldeportocarrero.com\/?s={search_term_string}"},"query-input":"required name=search_term_string"}],"inLanguage":"es"},{"@type":"Person","@id":"https:\/\/iessoldeportocarrero.com\/#\/schema\/person\/c143d2d036811e362054181df6a0cf08","name":"admin","image":{"@type":"ImageObject","inLanguage":"es","@id":"https:\/\/iessoldeportocarrero.com\/#\/schema\/person\/image\/","url":"https:\/\/secure.gravatar.com\/avatar\/2a8be5b512813919f72f94340ec143bbd6c2df599722972e236d59fcea563a2d?s=96&d=mm&r=g","contentUrl":"https:\/\/secure.gravatar.com\/avatar\/2a8be5b512813919f72f94340ec143bbd6c2df599722972e236d59fcea563a2d?s=96&d=mm&r=g","caption":"admin"},"sameAs":["https:\/\/iessoldeportocarrero.com"],"url":"https:\/\/iessoldeportocarrero.com\/?author=1"}]}},"jetpack_featured_media_url":"https:\/\/iessoldeportocarrero.com\/wp-content\/uploads\/2024\/06\/Calendario-2425FP.png","jetpack_sharing_enabled":true,"jetpack-related-posts":[{"id":2581,"url":"https:\/\/iessoldeportocarrero.com\/?p=2581","url_meta":{"origin":2596,"position":0},"title":"CALENDARIO DE MATRICULAS: CURSO 2024\/2025","author":"admin","date":"junio 11, 2024","format":false,"excerpt":"El calendario de matriculaci\u00f3n para el curso escolar 2024\/2025, ser\u00e1 del 1 al 10 de Julio, accediendo a la Secretaria Virtual. M\u00e1s informaci\u00f3n en la web de la Consejer\u00eda de Educaci\u00f3n de la Junta de Andaluc\u00eda:","rel":"","context":"En \u00abCENTRO\u00bb","block_context":{"text":"CENTRO","link":"https:\/\/iessoldeportocarrero.com\/?cat=13"},"img":{"alt_text":"","src":"https:\/\/i0.wp.com\/iessoldeportocarrero.com\/wp-content\/uploads\/2024\/06\/1-e1718103363718.jpg?resize=350%2C200&ssl=1","width":350,"height":200,"srcset":"https:\/\/i0.wp.com\/iessoldeportocarrero.com\/wp-content\/uploads\/2024\/06\/1-e1718103363718.jpg?resize=350%2C200&ssl=1 1x, https:\/\/i0.wp.com\/iessoldeportocarrero.com\/wp-content\/uploads\/2024\/06\/1-e1718103363718.jpg?resize=525%2C300&ssl=1 1.5x, https:\/\/i0.wp.com\/iessoldeportocarrero.com\/wp-content\/uploads\/2024\/06\/1-e1718103363718.jpg?resize=700%2C400&ssl=1 2x, https:\/\/i0.wp.com\/iessoldeportocarrero.com\/wp-content\/uploads\/2024\/06\/1-e1718103363718.jpg?resize=1050%2C600&ssl=1 3x"},"classes":[]},{"id":3373,"url":"https:\/\/iessoldeportocarrero.com\/?p=3373","url_meta":{"origin":2596,"position":1},"title":"CALENDARIO EX\u00c1MENES DE SEPTIEMBRE 1\u00ba DE BACHILLERATO &#8211; CURSO 2024\/2025","author":"admin","date":"agosto 29, 2025","format":false,"excerpt":"Aqu\u00ed se puede consultar el calendario oficial de ex\u00e1menes (d\u00eda, hora y lugar de la prueba) de la convocatoria de Septiembre, s\u00f3lo para el curso 1\u00ba de Bachillerato en todas sus modalidades , correspondiente al curso 2024\/2025.","rel":"","context":"En \u00abCENTRO\u00bb","block_context":{"text":"CENTRO","link":"https:\/\/iessoldeportocarrero.com\/?cat=13"},"img":{"alt_text":"","src":"https:\/\/i0.wp.com\/iessoldeportocarrero.com\/wp-content\/uploads\/2025\/08\/Examenes-Septiembre.png?resize=350%2C200&ssl=1","width":350,"height":200,"srcset":"https:\/\/i0.wp.com\/iessoldeportocarrero.com\/wp-content\/uploads\/2025\/08\/Examenes-Septiembre.png?resize=350%2C200&ssl=1 1x, https:\/\/i0.wp.com\/iessoldeportocarrero.com\/wp-content\/uploads\/2025\/08\/Examenes-Septiembre.png?resize=525%2C300&ssl=1 1.5x, https:\/\/i0.wp.com\/iessoldeportocarrero.com\/wp-content\/uploads\/2025\/08\/Examenes-Septiembre.png?resize=700%2C400&ssl=1 2x"},"classes":[]},{"id":1647,"url":"https:\/\/iessoldeportocarrero.com\/?p=1647","url_meta":{"origin":2596,"position":2},"title":"CALENDARIO ESCOLAR CURSO 23\/24","author":"admin","date":"septiembre 4, 2023","format":false,"excerpt":"Calendario de clases de la Delegaci\u00f3n de Almer\u00eda del curso escolar 2023\/2024","rel":"","context":"En \u00abCENTRO\u00bb","block_context":{"text":"CENTRO","link":"https:\/\/iessoldeportocarrero.com\/?cat=13"},"img":{"alt_text":"","src":"https:\/\/i0.wp.com\/iessoldeportocarrero.com\/wp-content\/uploads\/2023\/09\/CALENDARIOS-ESCOLARES-2-iec.jpg?resize=350%2C200&ssl=1","width":350,"height":200,"srcset":"https:\/\/i0.wp.com\/iessoldeportocarrero.com\/wp-content\/uploads\/2023\/09\/CALENDARIOS-ESCOLARES-2-iec.jpg?resize=350%2C200&ssl=1 1x, https:\/\/i0.wp.com\/iessoldeportocarrero.com\/wp-content\/uploads\/2023\/09\/CALENDARIOS-ESCOLARES-2-iec.jpg?resize=525%2C300&ssl=1 1.5x"},"classes":[]},{"id":2617,"url":"https:\/\/iessoldeportocarrero.com\/?p=2617","url_meta":{"origin":2596,"position":3},"title":"CALENDARIO DE EX\u00c1MENES DE SEPTIEMBRE PARA 1\u00ba BACHILLERATO","author":"admin","date":"junio 18, 2024","format":false,"excerpt":"Aqu\u00ed se puede consultar el calendario oficial de ex\u00e1menes (d\u00eda de la prueba, hora y lugar de la prueba) de la convocatoria de Septiembre, s\u00f3lo para el curso 1\u00ba de Bachillerato en todas sus modalidades , correspondiente al curso actual 2023\/2024. CALENDARIO_FINALCURSO_PROFESORADO_23-24-7Descarga","rel":"","context":"En \u00abCENTRO\u00bb","block_context":{"text":"CENTRO","link":"https:\/\/iessoldeportocarrero.com\/?cat=13"},"img":{"alt_text":"","src":"","width":0,"height":0},"classes":[]},{"id":3283,"url":"https:\/\/iessoldeportocarrero.com\/?p=3283","url_meta":{"origin":2596,"position":4},"title":"CALENDARIO ESCOLAR 2024\/2025","author":"admin","date":"septiembre 1, 2024","format":false,"excerpt":"Estimada comunidad educativa del IES Sol de Portocarrero: Ya pueden consultar el calendario escolar para el curso 2024-2025. Toda la informaci\u00f3n sobre las fechas clave del pr\u00f3ximo a\u00f1o para nuestra provincia, est\u00e1 disponible aqu\u00ed.","rel":"","context":"En \u00abCENTRO\u00bb","block_context":{"text":"CENTRO","link":"https:\/\/iessoldeportocarrero.com\/?cat=13"},"img":{"alt_text":"","src":"https:\/\/i0.wp.com\/iessoldeportocarrero.com\/wp-content\/uploads\/2025\/06\/calend.png?resize=350%2C200&ssl=1","width":350,"height":200,"srcset":"https:\/\/i0.wp.com\/iessoldeportocarrero.com\/wp-content\/uploads\/2025\/06\/calend.png?resize=350%2C200&ssl=1 1x, https:\/\/i0.wp.com\/iessoldeportocarrero.com\/wp-content\/uploads\/2025\/06\/calend.png?resize=525%2C300&ssl=1 1.5x"},"classes":[]},{"id":1645,"url":"https:\/\/iessoldeportocarrero.com\/?p=1645","url_meta":{"origin":2596,"position":5},"title":"CALENDARIO ESCOLARIZACI\u00d3N FP","author":"admin","date":"julio 6, 2023","format":false,"excerpt":"Calendario de Escolarizaci\u00f3n Oferta Completa de 2\u00ba curso de ciclos formativos de Grado Medio y Superior Calendario de Escolarizaci\u00f3n Oferta Completa de ciclos formativos de Grado Medio y Superior Calendario de Escolarizaci\u00f3n Oferta Completa de ciclos formativos de Grado B\u00e1sico","rel":"","context":"En \u00abCENTRO\u00bb","block_context":{"text":"CENTRO","link":"https:\/\/iessoldeportocarrero.com\/?cat=13"},"img":{"alt_text":"","src":"","width":0,"height":0},"classes":[]}],"_links":{"self":[{"href":"https:\/\/iessoldeportocarrero.com\/index.php?rest_route=\/wp\/v2\/posts\/2596","targetHints":{"allow":["GET"]}}],"collection":[{"href":"https:\/\/iessoldeportocarrero.com\/index.php?rest_route=\/wp\/v2\/posts"}],"about":[{"href":"https:\/\/iessoldeportocarrero.com\/index.php?rest_route=\/wp\/v2\/types\/post"}],"author":[{"embeddable":true,"href":"https:\/\/iessoldeportocarrero.com\/index.php?rest_route=\/wp\/v2\/users\/1"}],"replies":[{"embeddable":true,"href":"https:\/\/iessoldeportocarrero.com\/index.php?rest_route=%2Fwp%2Fv2%2Fcomments&post=2596"}],"version-history":[{"count":5,"href":"https:\/\/iessoldeportocarrero.com\/index.php?rest_route=\/wp\/v2\/posts\/2596\/revisions"}],"predecessor-version":[{"id":2605,"href":"https:\/\/iessoldeportocarrero.com\/index.php?rest_route=\/wp\/v2\/posts\/2596\/revisions\/2605"}],"wp:featuredmedia":[{"embeddable":true,"href":"https:\/\/iessoldeportocarrero.com\/index.php?rest_route=\/wp\/v2\/media\/2601"}],"wp:attachment":[{"href":"https:\/\/iessoldeportocarrero.com\/index.php?rest_route=%2Fwp%2Fv2%2Fmedia&parent=2596"}],"wp:term":[{"taxonomy":"category","embeddable":true,"href":"https:\/\/iessoldeportocarrero.com\/index.php?rest_route=%2Fwp%2Fv2%2Fcategories&post=2596"},{"taxonomy":"post_tag","embeddable":true,"href":"https:\/\/iessoldeportocarrero.com\/index.php?rest_route=%2Fwp%2Fv2%2Ftags&post=2596"}],"curies":[{"name":"wp","href":"https:\/\/api.w.org\/{rel}","templated":true}]}}