{"id":2550,"date":"2024-05-28T13:44:13","date_gmt":"2024-05-28T11:44:13","guid":{"rendered":"https:\/\/iessoldeportocarrero.com\/?p=2550"},"modified":"2024-05-28T13:44:14","modified_gmt":"2024-05-28T11:44:14","slug":"el-escritor-alberto-conejero-visita-el-ies-sol-de-portocarrero","status":"publish","type":"post","link":"https:\/\/iessoldeportocarrero.com\/?p=2550","title":{"rendered":"EL ESCRITOR ALBERTO CONEJERO VISITA EL IES SOL DE PORTOCARRERO"},"content":{"rendered":"\n<p><sup>El conocido dramaturgo y poeta, Alberto Conejero, visit\u00f3 el viernes 24 de mayo el instituto Sol de Portocarrero (La Ca\u00f1ada, Almer\u00eda). Esta actividad fue el resultado de la concesi\u00f3n por parte del Ministerio de Cultura del proyecto \u201cEncuentros literarios\u201d organizado por la Direcci\u00f3n General del Libro, del C\u00f3mic y de la Lectura.<\/sup><\/p>\n\n\n\n<p><sup>La ma\u00f1ana del viernes fue muy especial para la comunidad educativa del IES Sol de Portocarrero. Gran parte del alumnado de 4\u00ba de ESO y 1\u00ba de bachillerato pudo asistir al encuentro con el autor. Tras la presentaci\u00f3n y bienvenida, se llev\u00f3 a cabo una representaci\u00f3n teatral de los estudiantes de 4\u00ba de ESO, quienes quisieron homenajear a tan conocido dramaturgo con la realizaci\u00f3n de murales sobre su trayectoria, con la lectura dramatizada de algunos de sus poemas y con la representaci\u00f3n de su obra m\u00e1s conocida: <\/sup><sup><em>La piedra oscura<\/em><\/sup><sup>.<\/sup><\/p>\n\n\n\n<p><sup>El autor, que agradeci\u00f3 las muestras de cari\u00f1o del alumnado, comenz\u00f3 despu\u00e9s una charla con todos los asistentes al acto. En su parlamento, con un tono cercano y comprometido con los j\u00f3venes, les habl\u00f3 de su pasi\u00f3n por la escritura dram\u00e1tica y po\u00e9tica, de sus inicios en la literatura, de algunas etapas de su vida y, por supuesto, cont\u00f3 el trabajo de documentaci\u00f3n que rode\u00f3 la creaci\u00f3n de <\/sup><sup><em>La piedra oscura<\/em><\/sup><sup>.<\/sup><\/p>\n\n\n\n<p><sup>El nutrido grupo de estudiantes que escuchaba atento la narraci\u00f3n de Alberto Conejero se emocion\u00f3 con muchas de sus declaraciones y realiz\u00f3 preguntas de inter\u00e9s para todos los asistentes y para el propio escritor.<\/sup><\/p>\n\n\n\n<p><a><\/a> <sup>Por \u00faltimo, en su conferencia hizo menci\u00f3n a algunas de sus \u00faltimas obras, como <\/sup><sup><em>El mar: visi\u00f3n de unos ni\u00f1os que no lo han visto nunca<\/em><\/sup><sup>, por la implicaci\u00f3n de esta con la vocaci\u00f3n docente, o <\/sup><sup><em>La geometr\u00eda del trigo<\/em><\/sup><sup>, quiz\u00e1 su obra m\u00e1s personal y que recibi\u00f3 el Premio Nacional de Literatura Dram\u00e1tica en 2019.<\/sup><\/p>\n\n\n\n<p><sup>Tras su visita, el autor manifest\u00f3 estar encantado con la experiencia vivida en este centro y public\u00f3 en sus redes sociales: \u201cEsta ma\u00f1ana he conversado con ciento cincuenta alumnos del instituto Sol de Portocarrero en Almer\u00eda, una chavaler\u00eda atenta y generosa. En estos encuentros siempre recuerdo lo que la educaci\u00f3n p\u00fablica hizo por m\u00ed, de m\u00ed. Ojal\u00e1 sepamos defenderla y cuidarla como merece, como merecemos\u201d.<\/sup><\/p>\n\n\n\n<div class=\"wp-block-jetpack-tiled-gallery aligncenter is-style-rectangular\"><div class=\"\"><div class=\"tiled-gallery__gallery\"><div class=\"tiled-gallery__row\"><div class=\"tiled-gallery__col\" style=\"flex-basis:68.72244%\"><figure class=\"tiled-gallery__item\"><img decoding=\"async\" srcset=\"https:\/\/i0.wp.com\/iessoldeportocarrero.com\/wp-content\/uploads\/2024\/05\/IMG-20240528-WA0003-1024x739.jpg?strip=info&#038;w=600&#038;ssl=1 600w,https:\/\/i0.wp.com\/iessoldeportocarrero.com\/wp-content\/uploads\/2024\/05\/IMG-20240528-WA0003-1024x739.jpg?strip=info&#038;w=900&#038;ssl=1 900w,https:\/\/i0.wp.com\/iessoldeportocarrero.com\/wp-content\/uploads\/2024\/05\/IMG-20240528-WA0003-1024x739.jpg?strip=info&#038;w=1200&#038;ssl=1 1200w,https:\/\/i0.wp.com\/iessoldeportocarrero.com\/wp-content\/uploads\/2024\/05\/IMG-20240528-WA0003-1024x739.jpg?strip=info&#038;w=1500&#038;ssl=1 1500w,https:\/\/i0.wp.com\/iessoldeportocarrero.com\/wp-content\/uploads\/2024\/05\/IMG-20240528-WA0003-1024x739.jpg?strip=info&#038;w=1800&#038;ssl=1 1800w,https:\/\/i0.wp.com\/iessoldeportocarrero.com\/wp-content\/uploads\/2024\/05\/IMG-20240528-WA0003-1024x739.jpg?strip=info&#038;w=2000&#038;ssl=1 2000w\" alt=\"\" data-height=\"1478\" data-id=\"2554\" data-link=\"https:\/\/iessoldeportocarrero.com\/?attachment_id=2554\" data-url=\"https:\/\/iessoldeportocarrero.com\/wp-content\/uploads\/2024\/05\/IMG-20240528-WA0003-1024x739.jpg\" data-width=\"2047\" src=\"https:\/\/i0.wp.com\/iessoldeportocarrero.com\/wp-content\/uploads\/2024\/05\/IMG-20240528-WA0003-1024x739.jpg?ssl=1\" data-amp-layout=\"responsive\"\/><\/figure><\/div><div class=\"tiled-gallery__col\" style=\"flex-basis:31.27756%\"><figure class=\"tiled-gallery__item\"><img decoding=\"async\" srcset=\"https:\/\/i0.wp.com\/iessoldeportocarrero.com\/wp-content\/uploads\/2024\/05\/IMG-20240524-WA0005-1024x850.jpg?strip=info&#038;w=600&#038;ssl=1 600w,https:\/\/i0.wp.com\/iessoldeportocarrero.com\/wp-content\/uploads\/2024\/05\/IMG-20240524-WA0005-1024x850.jpg?strip=info&#038;w=900&#038;ssl=1 900w,https:\/\/i0.wp.com\/iessoldeportocarrero.com\/wp-content\/uploads\/2024\/05\/IMG-20240524-WA0005-1024x850.jpg?strip=info&#038;w=1080&#038;ssl=1 1080w\" alt=\"\" data-height=\"896\" data-id=\"2555\" data-link=\"https:\/\/iessoldeportocarrero.com\/?attachment_id=2555\" data-url=\"https:\/\/iessoldeportocarrero.com\/wp-content\/uploads\/2024\/05\/IMG-20240524-WA0005-1024x850.jpg\" data-width=\"1080\" src=\"https:\/\/i0.wp.com\/iessoldeportocarrero.com\/wp-content\/uploads\/2024\/05\/IMG-20240524-WA0005-1024x850.jpg?ssl=1\" data-amp-layout=\"responsive\"\/><\/figure><figure class=\"tiled-gallery__item\"><img decoding=\"async\" srcset=\"https:\/\/i2.wp.com\/iessoldeportocarrero.com\/wp-content\/uploads\/2024\/05\/IMG-20240524-WA0006-1024x768.jpg?strip=info&#038;w=600&#038;ssl=1 600w,https:\/\/i2.wp.com\/iessoldeportocarrero.com\/wp-content\/uploads\/2024\/05\/IMG-20240524-WA0006-1024x768.jpg?strip=info&#038;w=900&#038;ssl=1 900w,https:\/\/i2.wp.com\/iessoldeportocarrero.com\/wp-content\/uploads\/2024\/05\/IMG-20240524-WA0006-1024x768.jpg?strip=info&#038;w=1200&#038;ssl=1 1200w,https:\/\/i2.wp.com\/iessoldeportocarrero.com\/wp-content\/uploads\/2024\/05\/IMG-20240524-WA0006-1024x768.jpg?strip=info&#038;w=1500&#038;ssl=1 1500w,https:\/\/i2.wp.com\/iessoldeportocarrero.com\/wp-content\/uploads\/2024\/05\/IMG-20240524-WA0006-1024x768.jpg?strip=info&#038;w=1600&#038;ssl=1 1600w\" alt=\"\" data-height=\"1200\" data-id=\"2556\" data-link=\"https:\/\/iessoldeportocarrero.com\/?attachment_id=2556\" data-url=\"https:\/\/iessoldeportocarrero.com\/wp-content\/uploads\/2024\/05\/IMG-20240524-WA0006-1024x768.jpg\" data-width=\"1600\" src=\"https:\/\/i2.wp.com\/iessoldeportocarrero.com\/wp-content\/uploads\/2024\/05\/IMG-20240524-WA0006-1024x768.jpg?ssl=1\" data-amp-layout=\"responsive\"\/><\/figure><\/div><\/div><\/div><\/div><\/div>\n","protected":false},"excerpt":{"rendered":"<p>El conocido dramaturgo y poeta, Alberto Conejero, visit\u00f3 el viernes 24 de mayo el instituto Sol de Portocarrero (La Ca\u00f1ada, Almer\u00eda). Esta actividad fue el resultado de la concesi\u00f3n por parte del Ministerio de Cultura del proyecto \u201cEncuentros literarios\u201d organizado <a href=\"https:\/\/iessoldeportocarrero.com\/?p=2550\" class=\"read-more\">Leer m\u00e1s&#8230;<\/a><\/p>\n","protected":false},"author":1,"featured_media":2552,"comment_status":"closed","ping_status":"closed","sticky":false,"template":"","format":"standard","meta":{"_jetpack_memberships_contains_paid_content":false,"footnotes":""},"categories":[13,26],"tags":[],"class_list":["post-2550","post","type-post","status-publish","format-standard","has-post-thumbnail","hentry","category-centro","category-lengua"],"yoast_head":"<!-- This site is optimized with the Yoast SEO plugin v19.14 - https:\/\/yoast.com\/wordpress\/plugins\/seo\/ -->\n<title>EL ESCRITOR ALBERTO CONEJERO VISITA EL IES SOL DE PORTOCARRERO - IES SOL DE PORTOCARRERO - LA LABORAL<\/title>\n<meta name=\"robots\" content=\"index, follow, max-snippet:-1, max-image-preview:large, max-video-preview:-1\" \/>\n<link rel=\"canonical\" href=\"https:\/\/iessoldeportocarrero.com\/?p=2550\" \/>\n<meta property=\"og:locale\" content=\"es_ES\" \/>\n<meta property=\"og:type\" content=\"article\" \/>\n<meta property=\"og:title\" content=\"EL ESCRITOR ALBERTO CONEJERO VISITA EL IES SOL DE PORTOCARRERO - IES SOL DE PORTOCARRERO - LA LABORAL\" \/>\n<meta property=\"og:description\" content=\"El conocido dramaturgo y poeta, Alberto Conejero, visit\u00f3 el viernes 24 de mayo el instituto Sol de Portocarrero (La Ca\u00f1ada, Almer\u00eda). Esta actividad fue el resultado de la concesi\u00f3n por parte del Ministerio de Cultura del proyecto \u201cEncuentros literarios\u201d organizado Leer m\u00e1s...\" \/>\n<meta property=\"og:url\" content=\"https:\/\/iessoldeportocarrero.com\/?p=2550\" \/>\n<meta property=\"og:site_name\" content=\"IES SOL DE PORTOCARRERO - LA LABORAL\" \/>\n<meta property=\"article:published_time\" content=\"2024-05-28T11:44:13+00:00\" \/>\n<meta property=\"article:modified_time\" content=\"2024-05-28T11:44:14+00:00\" \/>\n<meta property=\"og:image\" content=\"https:\/\/iessoldeportocarrero.com\/wp-content\/uploads\/2024\/05\/IMG-20240528-WA0004.jpg\" \/>\n\t<meta property=\"og:image:width\" content=\"668\" \/>\n\t<meta property=\"og:image:height\" content=\"376\" \/>\n\t<meta property=\"og:image:type\" content=\"image\/jpeg\" \/>\n<meta name=\"author\" content=\"admin\" \/>\n<meta name=\"twitter:card\" content=\"summary_large_image\" \/>\n<meta name=\"twitter:label1\" content=\"Escrito por\" \/>\n\t<meta name=\"twitter:data1\" content=\"admin\" \/>\n\t<meta name=\"twitter:label2\" content=\"Tiempo de lectura\" \/>\n\t<meta name=\"twitter:data2\" content=\"2 minutos\" \/>\n<script type=\"application\/ld+json\" class=\"yoast-schema-graph\">{\"@context\":\"https:\/\/schema.org\",\"@graph\":[{\"@type\":\"WebPage\",\"@id\":\"https:\/\/iessoldeportocarrero.com\/?p=2550\",\"url\":\"https:\/\/iessoldeportocarrero.com\/?p=2550\",\"name\":\"EL ESCRITOR ALBERTO CONEJERO VISITA EL IES SOL DE PORTOCARRERO - IES SOL DE PORTOCARRERO - LA LABORAL\",\"isPartOf\":{\"@id\":\"https:\/\/iessoldeportocarrero.com\/#website\"},\"datePublished\":\"2024-05-28T11:44:13+00:00\",\"dateModified\":\"2024-05-28T11:44:14+00:00\",\"author\":{\"@id\":\"https:\/\/iessoldeportocarrero.com\/#\/schema\/person\/c143d2d036811e362054181df6a0cf08\"},\"breadcrumb\":{\"@id\":\"https:\/\/iessoldeportocarrero.com\/?p=2550#breadcrumb\"},\"inLanguage\":\"es\",\"potentialAction\":[{\"@type\":\"ReadAction\",\"target\":[\"https:\/\/iessoldeportocarrero.com\/?p=2550\"]}]},{\"@type\":\"BreadcrumbList\",\"@id\":\"https:\/\/iessoldeportocarrero.com\/?p=2550#breadcrumb\",\"itemListElement\":[{\"@type\":\"ListItem\",\"position\":1,\"name\":\"Home\",\"item\":\"https:\/\/iessoldeportocarrero.com\/\"},{\"@type\":\"ListItem\",\"position\":2,\"name\":\"EL ESCRITOR ALBERTO CONEJERO VISITA EL IES SOL DE PORTOCARRERO\"}]},{\"@type\":\"WebSite\",\"@id\":\"https:\/\/iessoldeportocarrero.com\/#website\",\"url\":\"https:\/\/iessoldeportocarrero.com\/\",\"name\":\"IES SOL DE PORTOCARRERO - LA LABORAL\",\"description\":\"INSTITUTO DE EDUCACI\u00d3N SECUNDARIA Y FORMACI\u00d3N PROFESIONAL\",\"potentialAction\":[{\"@type\":\"SearchAction\",\"target\":{\"@type\":\"EntryPoint\",\"urlTemplate\":\"https:\/\/iessoldeportocarrero.com\/?s={search_term_string}\"},\"query-input\":\"required name=search_term_string\"}],\"inLanguage\":\"es\"},{\"@type\":\"Person\",\"@id\":\"https:\/\/iessoldeportocarrero.com\/#\/schema\/person\/c143d2d036811e362054181df6a0cf08\",\"name\":\"admin\",\"image\":{\"@type\":\"ImageObject\",\"inLanguage\":\"es\",\"@id\":\"https:\/\/iessoldeportocarrero.com\/#\/schema\/person\/image\/\",\"url\":\"https:\/\/secure.gravatar.com\/avatar\/2a8be5b512813919f72f94340ec143bbd6c2df599722972e236d59fcea563a2d?s=96&d=mm&r=g\",\"contentUrl\":\"https:\/\/secure.gravatar.com\/avatar\/2a8be5b512813919f72f94340ec143bbd6c2df599722972e236d59fcea563a2d?s=96&d=mm&r=g\",\"caption\":\"admin\"},\"sameAs\":[\"https:\/\/iessoldeportocarrero.com\"],\"url\":\"https:\/\/iessoldeportocarrero.com\/?author=1\"}]}<\/script>\n<!-- \/ Yoast SEO plugin. -->","yoast_head_json":{"title":"EL ESCRITOR ALBERTO CONEJERO VISITA EL IES SOL DE PORTOCARRERO - IES SOL DE PORTOCARRERO - LA LABORAL","robots":{"index":"index","follow":"follow","max-snippet":"max-snippet:-1","max-image-preview":"max-image-preview:large","max-video-preview":"max-video-preview:-1"},"canonical":"https:\/\/iessoldeportocarrero.com\/?p=2550","og_locale":"es_ES","og_type":"article","og_title":"EL ESCRITOR ALBERTO CONEJERO VISITA EL IES SOL DE PORTOCARRERO - IES SOL DE PORTOCARRERO - LA LABORAL","og_description":"El conocido dramaturgo y poeta, Alberto Conejero, visit\u00f3 el viernes 24 de mayo el instituto Sol de Portocarrero (La Ca\u00f1ada, Almer\u00eda). Esta actividad fue el resultado de la concesi\u00f3n por parte del Ministerio de Cultura del proyecto \u201cEncuentros literarios\u201d organizado Leer m\u00e1s...","og_url":"https:\/\/iessoldeportocarrero.com\/?p=2550","og_site_name":"IES SOL DE PORTOCARRERO - LA LABORAL","article_published_time":"2024-05-28T11:44:13+00:00","article_modified_time":"2024-05-28T11:44:14+00:00","og_image":[{"width":668,"height":376,"url":"https:\/\/iessoldeportocarrero.com\/wp-content\/uploads\/2024\/05\/IMG-20240528-WA0004.jpg","type":"image\/jpeg"}],"author":"admin","twitter_card":"summary_large_image","twitter_misc":{"Escrito por":"admin","Tiempo de lectura":"2 minutos"},"schema":{"@context":"https:\/\/schema.org","@graph":[{"@type":"WebPage","@id":"https:\/\/iessoldeportocarrero.com\/?p=2550","url":"https:\/\/iessoldeportocarrero.com\/?p=2550","name":"EL ESCRITOR ALBERTO CONEJERO VISITA EL IES SOL DE PORTOCARRERO - IES SOL DE PORTOCARRERO - LA LABORAL","isPartOf":{"@id":"https:\/\/iessoldeportocarrero.com\/#website"},"datePublished":"2024-05-28T11:44:13+00:00","dateModified":"2024-05-28T11:44:14+00:00","author":{"@id":"https:\/\/iessoldeportocarrero.com\/#\/schema\/person\/c143d2d036811e362054181df6a0cf08"},"breadcrumb":{"@id":"https:\/\/iessoldeportocarrero.com\/?p=2550#breadcrumb"},"inLanguage":"es","potentialAction":[{"@type":"ReadAction","target":["https:\/\/iessoldeportocarrero.com\/?p=2550"]}]},{"@type":"BreadcrumbList","@id":"https:\/\/iessoldeportocarrero.com\/?p=2550#breadcrumb","itemListElement":[{"@type":"ListItem","position":1,"name":"Home","item":"https:\/\/iessoldeportocarrero.com\/"},{"@type":"ListItem","position":2,"name":"EL ESCRITOR ALBERTO CONEJERO VISITA EL IES SOL DE PORTOCARRERO"}]},{"@type":"WebSite","@id":"https:\/\/iessoldeportocarrero.com\/#website","url":"https:\/\/iessoldeportocarrero.com\/","name":"IES SOL DE PORTOCARRERO - LA LABORAL","description":"INSTITUTO DE EDUCACI\u00d3N SECUNDARIA Y FORMACI\u00d3N PROFESIONAL","potentialAction":[{"@type":"SearchAction","target":{"@type":"EntryPoint","urlTemplate":"https:\/\/iessoldeportocarrero.com\/?s={search_term_string}"},"query-input":"required name=search_term_string"}],"inLanguage":"es"},{"@type":"Person","@id":"https:\/\/iessoldeportocarrero.com\/#\/schema\/person\/c143d2d036811e362054181df6a0cf08","name":"admin","image":{"@type":"ImageObject","inLanguage":"es","@id":"https:\/\/iessoldeportocarrero.com\/#\/schema\/person\/image\/","url":"https:\/\/secure.gravatar.com\/avatar\/2a8be5b512813919f72f94340ec143bbd6c2df599722972e236d59fcea563a2d?s=96&d=mm&r=g","contentUrl":"https:\/\/secure.gravatar.com\/avatar\/2a8be5b512813919f72f94340ec143bbd6c2df599722972e236d59fcea563a2d?s=96&d=mm&r=g","caption":"admin"},"sameAs":["https:\/\/iessoldeportocarrero.com"],"url":"https:\/\/iessoldeportocarrero.com\/?author=1"}]}},"jetpack_featured_media_url":"https:\/\/iessoldeportocarrero.com\/wp-content\/uploads\/2024\/05\/IMG-20240528-WA0004.jpg","jetpack_sharing_enabled":true,"jetpack-related-posts":[{"id":3003,"url":"https:\/\/iessoldeportocarrero.com\/?p=3003","url_meta":{"origin":2550,"position":0},"title":"Paco Bezerra, en la prensa de Almer\u00eda. Visita su antiguo centro.","author":"admin","date":"enero 17, 2025","format":false,"excerpt":"El almeriense Paco Bezerra, Premio Nacional de Literatura Dram\u00e1tica, regres\u00f3 el pasado viernes a las aulas del IES Sol de Portocarrero, el instituto donde curs\u00f3 el bachillerato. Lo hizo para participar en un encuentro con estudiantes, Paco Bezerra, ante los estudiantes de su antiguo instituto: \u201cYo elijo ser libre\u201d El\u2026","rel":"","context":"En \u00abCENTRO\u00bb","block_context":{"text":"CENTRO","link":"https:\/\/iessoldeportocarrero.com\/?cat=13"},"img":{"alt_text":"","src":"https:\/\/i0.wp.com\/iessoldeportocarrero.com\/wp-content\/uploads\/2025\/01\/lavoz.webp?resize=350%2C200&ssl=1","width":350,"height":200,"srcset":"https:\/\/i0.wp.com\/iessoldeportocarrero.com\/wp-content\/uploads\/2025\/01\/lavoz.webp?resize=350%2C200&ssl=1 1x, https:\/\/i0.wp.com\/iessoldeportocarrero.com\/wp-content\/uploads\/2025\/01\/lavoz.webp?resize=525%2C300&ssl=1 1.5x, https:\/\/i0.wp.com\/iessoldeportocarrero.com\/wp-content\/uploads\/2025\/01\/lavoz.webp?resize=700%2C400&ssl=1 2x, https:\/\/i0.wp.com\/iessoldeportocarrero.com\/wp-content\/uploads\/2025\/01\/lavoz.webp?resize=1050%2C600&ssl=1 3x, https:\/\/i0.wp.com\/iessoldeportocarrero.com\/wp-content\/uploads\/2025\/01\/lavoz.webp?resize=1400%2C800&ssl=1 4x"},"classes":[]},{"id":2133,"url":"https:\/\/iessoldeportocarrero.com\/?p=2133","url_meta":{"origin":2550,"position":1},"title":"Celebraci\u00f3n del d\u00eda de la Paz en el IES Sol de Portocarrero","author":"Fran Caballero","date":"enero 31, 2024","format":false,"excerpt":"Los alumnos \/as celebraron el d\u00eda de la Paz con una representaci\u00f3n teatral de premios nobel famosos en la historia relacionados con la paz acompa\u00f1ados por una actuaci\u00f3n musical de alumnos\/as de 2\u00ba de ESO","rel":"","context":"En \u00abCENTRO\u00bb","block_context":{"text":"CENTRO","link":"https:\/\/iessoldeportocarrero.com\/?cat=13"},"img":{"alt_text":"","src":"https:\/\/i0.wp.com\/iessoldeportocarrero.com\/wp-content\/uploads\/2024\/01\/IMG-20240130-WA0028.jpg?resize=350%2C200&ssl=1","width":350,"height":200,"srcset":"https:\/\/i0.wp.com\/iessoldeportocarrero.com\/wp-content\/uploads\/2024\/01\/IMG-20240130-WA0028.jpg?resize=350%2C200&ssl=1 1x, https:\/\/i0.wp.com\/iessoldeportocarrero.com\/wp-content\/uploads\/2024\/01\/IMG-20240130-WA0028.jpg?resize=525%2C300&ssl=1 1.5x, https:\/\/i0.wp.com\/iessoldeportocarrero.com\/wp-content\/uploads\/2024\/01\/IMG-20240130-WA0028.jpg?resize=700%2C400&ssl=1 2x, https:\/\/i0.wp.com\/iessoldeportocarrero.com\/wp-content\/uploads\/2024\/01\/IMG-20240130-WA0028.jpg?resize=1050%2C600&ssl=1 3x, https:\/\/i0.wp.com\/iessoldeportocarrero.com\/wp-content\/uploads\/2024\/01\/IMG-20240130-WA0028.jpg?resize=1400%2C800&ssl=1 4x"},"classes":[]},{"id":981,"url":"https:\/\/iessoldeportocarrero.com\/?p=981","url_meta":{"origin":2550,"position":2},"title":"PAGINA EN CONSTRUCCI\u00d3N","author":"admin","date":"febrero 10, 2023","format":false,"excerpt":"ESTAMOS TRABAJANDO PARA MEJORAR LA PAGINA DE: IES SOL DE PORTOCARRERO. Si quieres visitarnos, todav\u00eda nos puedes encontrar en : https:\/\/blogsaverroes.juntadeandalucia.es\/iesoldeportocarrero\/","rel":"","context":"Entrada similar","block_context":{"text":"Entrada similar","link":""},"img":{"alt_text":"","src":"https:\/\/i0.wp.com\/iessoldeportocarrero.com\/wp-content\/uploads\/2022\/12\/274734716_4799278446833058_765617912298574642_n.jpg?resize=350%2C200&ssl=1","width":350,"height":200,"srcset":"https:\/\/i0.wp.com\/iessoldeportocarrero.com\/wp-content\/uploads\/2022\/12\/274734716_4799278446833058_765617912298574642_n.jpg?resize=350%2C200&ssl=1 1x, https:\/\/i0.wp.com\/iessoldeportocarrero.com\/wp-content\/uploads\/2022\/12\/274734716_4799278446833058_765617912298574642_n.jpg?resize=525%2C300&ssl=1 1.5x, https:\/\/i0.wp.com\/iessoldeportocarrero.com\/wp-content\/uploads\/2022\/12\/274734716_4799278446833058_765617912298574642_n.jpg?resize=700%2C400&ssl=1 2x"},"classes":[]},{"id":3333,"url":"https:\/\/iessoldeportocarrero.com\/?p=3333","url_meta":{"origin":2550,"position":3},"title":"Visita de la actriz Zaira Montes","author":"admin","date":"junio 17, 2025","format":false,"excerpt":"La actriz almeriense Zaira Montes visit\u00f3 hace unos d\u00edas el IES Sol de Portocarrero, lugar donde hizo sus estudios hace unos a\u00f1os. La int\u00e9rprete, nacida en Cabo de Gata, estuvo arropada por la profesora Irene Cort\u00e9s y mantuvo un encuentro con alumnos en el sal\u00f3n de actos del centro, donde\u2026","rel":"","context":"En \u00abANIVERSARIO\u00bb","block_context":{"text":"ANIVERSARIO","link":"https:\/\/iessoldeportocarrero.com\/?cat=46"},"img":{"alt_text":"","src":"https:\/\/i0.wp.com\/iessoldeportocarrero.com\/wp-content\/uploads\/2025\/06\/zaira.png?resize=350%2C200&ssl=1","width":350,"height":200,"srcset":"https:\/\/i0.wp.com\/iessoldeportocarrero.com\/wp-content\/uploads\/2025\/06\/zaira.png?resize=350%2C200&ssl=1 1x, https:\/\/i0.wp.com\/iessoldeportocarrero.com\/wp-content\/uploads\/2025\/06\/zaira.png?resize=525%2C300&ssl=1 1.5x"},"classes":[]},{"id":3074,"url":"https:\/\/iessoldeportocarrero.com\/?p=3074","url_meta":{"origin":2550,"position":4},"title":"VISITA DE LOS PROFESORES DEL IES SOL DE PORTOCARRERO , MAR\u00cdA ORT\u00cdZ ( INGL\u00c9S) Y FRANCISCO CABALLERO ( M\u00daSICA) , AL LICEO  \u00abVERONICA GAMBARA\u00bb DE LA CIUDAD ITALIANA DE BRESCIA DENTRO DEL PROGRAMA ERASMUS DE LA UNI\u00d3N EUROPEA.","author":"Fran Caballero","date":"marzo 15, 2025","format":false,"excerpt":"","rel":"","context":"En \u00abCENTRO\u00bb","block_context":{"text":"CENTRO","link":"https:\/\/iessoldeportocarrero.com\/?cat=13"},"img":{"alt_text":"","src":"https:\/\/i0.wp.com\/iessoldeportocarrero.com\/wp-content\/uploads\/2025\/03\/BRESCIA.jpg?resize=350%2C200&ssl=1","width":350,"height":200,"srcset":"https:\/\/i0.wp.com\/iessoldeportocarrero.com\/wp-content\/uploads\/2025\/03\/BRESCIA.jpg?resize=350%2C200&ssl=1 1x, https:\/\/i0.wp.com\/iessoldeportocarrero.com\/wp-content\/uploads\/2025\/03\/BRESCIA.jpg?resize=525%2C300&ssl=1 1.5x, https:\/\/i0.wp.com\/iessoldeportocarrero.com\/wp-content\/uploads\/2025\/03\/BRESCIA.jpg?resize=700%2C400&ssl=1 2x, https:\/\/i0.wp.com\/iessoldeportocarrero.com\/wp-content\/uploads\/2025\/03\/BRESCIA.jpg?resize=1050%2C600&ssl=1 3x, https:\/\/i0.wp.com\/iessoldeportocarrero.com\/wp-content\/uploads\/2025\/03\/BRESCIA.jpg?resize=1400%2C800&ssl=1 4x"},"classes":[]},{"id":3547,"url":"https:\/\/iessoldeportocarrero.com\/?p=3547","url_meta":{"origin":2550,"position":5},"title":"CELEBRACI\u00d3N DEL D\u00cdA INTERNACIONAL DEL FLAMENCO EN EL IES SOL DE PORTOCARRERO &#8211; LA LABORAL. El Departamento de M\u00fasica junto con alumnas de 2\u00ba ESO  han organizado una jornada de divulgaci\u00f3n de los distintos palos del flamenco con m\u00fasica en directo a cargo de los profesores del departamento Miguel \u00c1ngel y Fran. Durante esta jornada se han visitado aulas de 1\u00ba y 2\u00ba de ESO , as\u00ed como 2\u00ba de bachillerato.","author":"Fran Caballero","date":"noviembre 18, 2025","format":false,"excerpt":"","rel":"","context":"En \u00abCENTRO\u00bb","block_context":{"text":"CENTRO","link":"https:\/\/iessoldeportocarrero.com\/?cat=13"},"img":{"alt_text":"","src":"https:\/\/i0.wp.com\/iessoldeportocarrero.com\/wp-content\/uploads\/2025\/11\/IMG-20251118-WA0004-1.jpg?resize=350%2C200&ssl=1","width":350,"height":200,"srcset":"https:\/\/i0.wp.com\/iessoldeportocarrero.com\/wp-content\/uploads\/2025\/11\/IMG-20251118-WA0004-1.jpg?resize=350%2C200&ssl=1 1x, https:\/\/i0.wp.com\/iessoldeportocarrero.com\/wp-content\/uploads\/2025\/11\/IMG-20251118-WA0004-1.jpg?resize=525%2C300&ssl=1 1.5x, https:\/\/i0.wp.com\/iessoldeportocarrero.com\/wp-content\/uploads\/2025\/11\/IMG-20251118-WA0004-1.jpg?resize=700%2C400&ssl=1 2x, https:\/\/i0.wp.com\/iessoldeportocarrero.com\/wp-content\/uploads\/2025\/11\/IMG-20251118-WA0004-1.jpg?resize=1050%2C600&ssl=1 3x, https:\/\/i0.wp.com\/iessoldeportocarrero.com\/wp-content\/uploads\/2025\/11\/IMG-20251118-WA0004-1.jpg?resize=1400%2C800&ssl=1 4x"},"classes":[]}],"_links":{"self":[{"href":"https:\/\/iessoldeportocarrero.com\/index.php?rest_route=\/wp\/v2\/posts\/2550","targetHints":{"allow":["GET"]}}],"collection":[{"href":"https:\/\/iessoldeportocarrero.com\/index.php?rest_route=\/wp\/v2\/posts"}],"about":[{"href":"https:\/\/iessoldeportocarrero.com\/index.php?rest_route=\/wp\/v2\/types\/post"}],"author":[{"embeddable":true,"href":"https:\/\/iessoldeportocarrero.com\/index.php?rest_route=\/wp\/v2\/users\/1"}],"replies":[{"embeddable":true,"href":"https:\/\/iessoldeportocarrero.com\/index.php?rest_route=%2Fwp%2Fv2%2Fcomments&post=2550"}],"version-history":[{"count":2,"href":"https:\/\/iessoldeportocarrero.com\/index.php?rest_route=\/wp\/v2\/posts\/2550\/revisions"}],"predecessor-version":[{"id":2557,"href":"https:\/\/iessoldeportocarrero.com\/index.php?rest_route=\/wp\/v2\/posts\/2550\/revisions\/2557"}],"wp:featuredmedia":[{"embeddable":true,"href":"https:\/\/iessoldeportocarrero.com\/index.php?rest_route=\/wp\/v2\/media\/2552"}],"wp:attachment":[{"href":"https:\/\/iessoldeportocarrero.com\/index.php?rest_route=%2Fwp%2Fv2%2Fmedia&parent=2550"}],"wp:term":[{"taxonomy":"category","embeddable":true,"href":"https:\/\/iessoldeportocarrero.com\/index.php?rest_route=%2Fwp%2Fv2%2Fcategories&post=2550"},{"taxonomy":"post_tag","embeddable":true,"href":"https:\/\/iessoldeportocarrero.com\/index.php?rest_route=%2Fwp%2Fv2%2Ftags&post=2550"}],"curies":[{"name":"wp","href":"https:\/\/api.w.org\/{rel}","templated":true}]}}