{"id":2318,"date":"2024-03-15T11:19:07","date_gmt":"2024-03-15T10:19:07","guid":{"rendered":"https:\/\/iessoldeportocarrero.com\/?p=2318"},"modified":"2024-03-19T13:27:44","modified_gmt":"2024-03-19T12:27:44","slug":"dia-de-las-matematicas-en-la-ual","status":"publish","type":"post","link":"https:\/\/iessoldeportocarrero.com\/?p=2318","title":{"rendered":"D\u00cdA DE LAS MATEM\u00c1TICAS EN LA UAL"},"content":{"rendered":"\n<p>Alumnado de nuestro centro particip\u00f3 en el <strong>D\u00cdA DE LAS MATEM\u00c1TICAS<\/strong>, junto a m\u00e1s de medio millar de estudiantes de Ense\u00f1anza Secundaria y de alumnado universitario portando una pancarta lineal de medio kil\u00f3metro , con hasta <strong>mil primeras cifras decimales del n\u00famero PI<\/strong>.<\/p>\n\n\n\n<figure class=\"wp-block-video\"><video height=\"1080\" style=\"aspect-ratio: 1920 \/ 1080;\" width=\"1920\" controls src=\"https:\/\/iessoldeportocarrero.com\/wp-content\/uploads\/2024\/03\/1349f54f-275f-488f-9c97-d243577b8f89.mp4\"><\/video><\/figure>\n\n\n\n<div class=\"wp-block-jetpack-tiled-gallery aligncenter is-style-rectangular\"><div class=\"tiled-gallery__gallery\"><div class=\"tiled-gallery__row\"><div class=\"tiled-gallery__col\" style=\"flex-basis:70.11757%\"><figure class=\"tiled-gallery__item\"><img decoding=\"async\" srcset=\"https:\/\/i0.wp.com\/iessoldeportocarrero.com\/wp-content\/uploads\/2024\/03\/IMG-20240315-WA0010-1024x765.jpg?strip=info&#038;w=600&#038;ssl=1 600w,https:\/\/i0.wp.com\/iessoldeportocarrero.com\/wp-content\/uploads\/2024\/03\/IMG-20240315-WA0010-1024x765.jpg?strip=info&#038;w=900&#038;ssl=1 900w,https:\/\/i0.wp.com\/iessoldeportocarrero.com\/wp-content\/uploads\/2024\/03\/IMG-20240315-WA0010-1024x765.jpg?strip=info&#038;w=1200&#038;ssl=1 1200w,https:\/\/i0.wp.com\/iessoldeportocarrero.com\/wp-content\/uploads\/2024\/03\/IMG-20240315-WA0010-1024x765.jpg?strip=info&#038;w=1500&#038;ssl=1 1500w,https:\/\/i0.wp.com\/iessoldeportocarrero.com\/wp-content\/uploads\/2024\/03\/IMG-20240315-WA0010-1024x765.jpg?strip=info&#038;w=1600&#038;ssl=1 1600w\" alt=\"\" data-height=\"1196\" data-id=\"2319\" data-link=\"https:\/\/iessoldeportocarrero.com\/?attachment_id=2319\" data-url=\"https:\/\/iessoldeportocarrero.com\/wp-content\/uploads\/2024\/03\/IMG-20240315-WA0010-1024x765.jpg\" data-width=\"1600\" src=\"https:\/\/i0.wp.com\/iessoldeportocarrero.com\/wp-content\/uploads\/2024\/03\/IMG-20240315-WA0010-1024x765.jpg?ssl=1\" data-amp-layout=\"responsive\"\/><\/figure><\/div><div class=\"tiled-gallery__col\" style=\"flex-basis:29.88243%\"><figure class=\"tiled-gallery__item\"><img decoding=\"async\" srcset=\"https:\/\/i0.wp.com\/iessoldeportocarrero.com\/wp-content\/uploads\/2024\/03\/IMG-20240315-WA0005-1024x765.jpg?strip=info&#038;w=600&#038;ssl=1 600w,https:\/\/i0.wp.com\/iessoldeportocarrero.com\/wp-content\/uploads\/2024\/03\/IMG-20240315-WA0005-1024x765.jpg?strip=info&#038;w=900&#038;ssl=1 900w,https:\/\/i0.wp.com\/iessoldeportocarrero.com\/wp-content\/uploads\/2024\/03\/IMG-20240315-WA0005-1024x765.jpg?strip=info&#038;w=1200&#038;ssl=1 1200w,https:\/\/i0.wp.com\/iessoldeportocarrero.com\/wp-content\/uploads\/2024\/03\/IMG-20240315-WA0005-1024x765.jpg?strip=info&#038;w=1500&#038;ssl=1 1500w,https:\/\/i0.wp.com\/iessoldeportocarrero.com\/wp-content\/uploads\/2024\/03\/IMG-20240315-WA0005-1024x765.jpg?strip=info&#038;w=1600&#038;ssl=1 1600w\" alt=\"\" data-height=\"1196\" data-id=\"2322\" data-link=\"https:\/\/iessoldeportocarrero.com\/?attachment_id=2322\" data-url=\"https:\/\/iessoldeportocarrero.com\/wp-content\/uploads\/2024\/03\/IMG-20240315-WA0005-1024x765.jpg\" data-width=\"1600\" src=\"https:\/\/i0.wp.com\/iessoldeportocarrero.com\/wp-content\/uploads\/2024\/03\/IMG-20240315-WA0005-1024x765.jpg?ssl=1\" data-amp-layout=\"responsive\"\/><\/figure><figure class=\"tiled-gallery__item\"><img decoding=\"async\" srcset=\"https:\/\/i0.wp.com\/iessoldeportocarrero.com\/wp-content\/uploads\/2024\/03\/IMG-20240315-WA0006-1024x765.jpg?strip=info&#038;w=600&#038;ssl=1 600w,https:\/\/i0.wp.com\/iessoldeportocarrero.com\/wp-content\/uploads\/2024\/03\/IMG-20240315-WA0006-1024x765.jpg?strip=info&#038;w=900&#038;ssl=1 900w,https:\/\/i0.wp.com\/iessoldeportocarrero.com\/wp-content\/uploads\/2024\/03\/IMG-20240315-WA0006-1024x765.jpg?strip=info&#038;w=1200&#038;ssl=1 1200w,https:\/\/i0.wp.com\/iessoldeportocarrero.com\/wp-content\/uploads\/2024\/03\/IMG-20240315-WA0006-1024x765.jpg?strip=info&#038;w=1500&#038;ssl=1 1500w,https:\/\/i0.wp.com\/iessoldeportocarrero.com\/wp-content\/uploads\/2024\/03\/IMG-20240315-WA0006-1024x765.jpg?strip=info&#038;w=1600&#038;ssl=1 1600w\" alt=\"\" data-height=\"1196\" data-id=\"2323\" data-link=\"https:\/\/iessoldeportocarrero.com\/?attachment_id=2323\" data-url=\"https:\/\/iessoldeportocarrero.com\/wp-content\/uploads\/2024\/03\/IMG-20240315-WA0006-1024x765.jpg\" data-width=\"1600\" src=\"https:\/\/i0.wp.com\/iessoldeportocarrero.com\/wp-content\/uploads\/2024\/03\/IMG-20240315-WA0006-1024x765.jpg?ssl=1\" data-amp-layout=\"responsive\"\/><\/figure><\/div><\/div><div class=\"tiled-gallery__row\"><div class=\"tiled-gallery__col\" style=\"flex-basis:43.12751%\"><figure class=\"tiled-gallery__item\"><img decoding=\"async\" srcset=\"https:\/\/i1.wp.com\/iessoldeportocarrero.com\/wp-content\/uploads\/2024\/03\/IMG-20240315-WA0007-1024x765.jpg?strip=info&#038;w=600&#038;ssl=1 600w,https:\/\/i1.wp.com\/iessoldeportocarrero.com\/wp-content\/uploads\/2024\/03\/IMG-20240315-WA0007-1024x765.jpg?strip=info&#038;w=900&#038;ssl=1 900w,https:\/\/i1.wp.com\/iessoldeportocarrero.com\/wp-content\/uploads\/2024\/03\/IMG-20240315-WA0007-1024x765.jpg?strip=info&#038;w=1200&#038;ssl=1 1200w,https:\/\/i1.wp.com\/iessoldeportocarrero.com\/wp-content\/uploads\/2024\/03\/IMG-20240315-WA0007-1024x765.jpg?strip=info&#038;w=1500&#038;ssl=1 1500w,https:\/\/i1.wp.com\/iessoldeportocarrero.com\/wp-content\/uploads\/2024\/03\/IMG-20240315-WA0007-1024x765.jpg?strip=info&#038;w=1600&#038;ssl=1 1600w\" alt=\"\" data-height=\"1196\" data-id=\"2324\" data-link=\"https:\/\/iessoldeportocarrero.com\/?attachment_id=2324\" data-url=\"https:\/\/iessoldeportocarrero.com\/wp-content\/uploads\/2024\/03\/IMG-20240315-WA0007-1024x765.jpg\" data-width=\"1600\" src=\"https:\/\/i1.wp.com\/iessoldeportocarrero.com\/wp-content\/uploads\/2024\/03\/IMG-20240315-WA0007-1024x765.jpg?ssl=1\" data-amp-layout=\"responsive\"\/><\/figure><figure class=\"tiled-gallery__item\"><img decoding=\"async\" srcset=\"https:\/\/i0.wp.com\/iessoldeportocarrero.com\/wp-content\/uploads\/2024\/03\/IMG-20240315-WA0003-1024x576.jpg?strip=info&#038;w=600&#038;ssl=1 600w,https:\/\/i0.wp.com\/iessoldeportocarrero.com\/wp-content\/uploads\/2024\/03\/IMG-20240315-WA0003-1024x576.jpg?strip=info&#038;w=900&#038;ssl=1 900w,https:\/\/i0.wp.com\/iessoldeportocarrero.com\/wp-content\/uploads\/2024\/03\/IMG-20240315-WA0003-1024x576.jpg?strip=info&#038;w=1200&#038;ssl=1 1200w,https:\/\/i0.wp.com\/iessoldeportocarrero.com\/wp-content\/uploads\/2024\/03\/IMG-20240315-WA0003-1024x576.jpg?strip=info&#038;w=1500&#038;ssl=1 1500w,https:\/\/i0.wp.com\/iessoldeportocarrero.com\/wp-content\/uploads\/2024\/03\/IMG-20240315-WA0003-1024x576.jpg?strip=info&#038;w=1800&#038;ssl=1 1800w,https:\/\/i0.wp.com\/iessoldeportocarrero.com\/wp-content\/uploads\/2024\/03\/IMG-20240315-WA0003-1024x576.jpg?strip=info&#038;w=2000&#038;ssl=1 2000w\" alt=\"\" data-height=\"1152\" data-id=\"2325\" data-link=\"https:\/\/iessoldeportocarrero.com\/?attachment_id=2325\" data-url=\"https:\/\/iessoldeportocarrero.com\/wp-content\/uploads\/2024\/03\/IMG-20240315-WA0003-1024x576.jpg\" data-width=\"2048\" src=\"https:\/\/i0.wp.com\/iessoldeportocarrero.com\/wp-content\/uploads\/2024\/03\/IMG-20240315-WA0003-1024x576.jpg?ssl=1\" data-amp-layout=\"responsive\"\/><\/figure><\/div><div class=\"tiled-gallery__col\" style=\"flex-basis:56.87249%\"><figure class=\"tiled-gallery__item\"><img decoding=\"async\" alt=\"\" data-id=\"2326\" data-link=\"https:\/\/iessoldeportocarrero.com\/?attachment_id=2326\" data-url=\"https:\/\/iessoldeportocarrero.com\/wp-content\/uploads\/2024\/03\/IMG-20240315-WA0013-1024x765.jpg\" src=\"https:\/\/iessoldeportocarrero.com\/wp-content\/uploads\/2024\/03\/IMG-20240315-WA0013-1024x765.jpg\" data-amp-layout=\"responsive\"\/><\/figure><\/div><\/div><div class=\"tiled-gallery__row\"><div class=\"tiled-gallery__col\" style=\"flex-basis:50.00000%\"><figure class=\"tiled-gallery__item\"><img decoding=\"async\" alt=\"\" data-id=\"2327\" data-link=\"https:\/\/iessoldeportocarrero.com\/?attachment_id=2327\" data-url=\"https:\/\/iessoldeportocarrero.com\/wp-content\/uploads\/2024\/03\/IMG-20240314-WA0002-1024x768.jpg\" src=\"https:\/\/iessoldeportocarrero.com\/wp-content\/uploads\/2024\/03\/IMG-20240314-WA0002-1024x768.jpg\" data-amp-layout=\"responsive\"\/><\/figure><\/div><div class=\"tiled-gallery__col\" style=\"flex-basis:50.00000%\"><figure class=\"tiled-gallery__item\"><img decoding=\"async\" alt=\"\" data-id=\"2328\" data-link=\"https:\/\/iessoldeportocarrero.com\/?attachment_id=2328\" data-url=\"https:\/\/iessoldeportocarrero.com\/wp-content\/uploads\/2024\/03\/IMG-20240315-WA0015-1024x765.jpg\" src=\"https:\/\/iessoldeportocarrero.com\/wp-content\/uploads\/2024\/03\/IMG-20240315-WA0015-1024x765.jpg\" data-amp-layout=\"responsive\"\/><\/figure><\/div><\/div><\/div><\/div>\n","protected":false},"excerpt":{"rendered":"<p>Alumnado de nuestro centro particip\u00f3 en el D\u00cdA DE LAS MATEM\u00c1TICAS, junto a m\u00e1s de medio millar de estudiantes de Ense\u00f1anza Secundaria y de alumnado universitario portando una pancarta lineal de medio kil\u00f3metro , con hasta mil primeras cifras decimales <a href=\"https:\/\/iessoldeportocarrero.com\/?p=2318\" class=\"read-more\">Leer m\u00e1s&#8230;<\/a><\/p>\n","protected":false},"author":1,"featured_media":2322,"comment_status":"open","ping_status":"open","sticky":false,"template":"","format":"standard","meta":{"_jetpack_memberships_contains_paid_content":false,"footnotes":""},"categories":[13,27],"tags":[],"class_list":["post-2318","post","type-post","status-publish","format-standard","has-post-thumbnail","hentry","category-centro","category-matematicas"],"yoast_head":"<!-- This site is optimized with the Yoast SEO plugin v19.14 - https:\/\/yoast.com\/wordpress\/plugins\/seo\/ -->\n<title>D\u00cdA DE LAS MATEM\u00c1TICAS EN LA UAL - IES SOL DE PORTOCARRERO - LA LABORAL<\/title>\n<meta name=\"robots\" content=\"index, follow, max-snippet:-1, max-image-preview:large, max-video-preview:-1\" \/>\n<link rel=\"canonical\" href=\"https:\/\/iessoldeportocarrero.com\/?p=2318\" \/>\n<meta property=\"og:locale\" content=\"es_ES\" \/>\n<meta property=\"og:type\" content=\"article\" \/>\n<meta property=\"og:title\" content=\"D\u00cdA DE LAS MATEM\u00c1TICAS EN LA UAL - IES SOL DE PORTOCARRERO - LA LABORAL\" \/>\n<meta property=\"og:description\" content=\"Alumnado de nuestro centro particip\u00f3 en el D\u00cdA DE LAS MATEM\u00c1TICAS, junto a m\u00e1s de medio millar de estudiantes de Ense\u00f1anza Secundaria y de alumnado universitario portando una pancarta lineal de medio kil\u00f3metro , con hasta mil primeras cifras decimales Leer m\u00e1s...\" \/>\n<meta property=\"og:url\" content=\"https:\/\/iessoldeportocarrero.com\/?p=2318\" \/>\n<meta property=\"og:site_name\" content=\"IES SOL DE PORTOCARRERO - LA LABORAL\" \/>\n<meta property=\"article:published_time\" content=\"2024-03-15T10:19:07+00:00\" \/>\n<meta property=\"article:modified_time\" content=\"2024-03-19T12:27:44+00:00\" \/>\n<meta property=\"og:image\" content=\"https:\/\/iessoldeportocarrero.com\/wp-content\/uploads\/2024\/03\/IMG-20240315-WA0005.jpg\" \/>\n\t<meta property=\"og:image:width\" content=\"1600\" \/>\n\t<meta property=\"og:image:height\" content=\"1196\" \/>\n\t<meta property=\"og:image:type\" content=\"image\/jpeg\" \/>\n<meta name=\"author\" content=\"admin\" \/>\n<meta name=\"twitter:card\" content=\"summary_large_image\" \/>\n<meta name=\"twitter:label1\" content=\"Escrito por\" \/>\n\t<meta name=\"twitter:data1\" content=\"admin\" \/>\n<script type=\"application\/ld+json\" class=\"yoast-schema-graph\">{\"@context\":\"https:\/\/schema.org\",\"@graph\":[{\"@type\":\"WebPage\",\"@id\":\"https:\/\/iessoldeportocarrero.com\/?p=2318\",\"url\":\"https:\/\/iessoldeportocarrero.com\/?p=2318\",\"name\":\"D\u00cdA DE LAS MATEM\u00c1TICAS EN LA UAL - IES SOL DE PORTOCARRERO - LA LABORAL\",\"isPartOf\":{\"@id\":\"https:\/\/iessoldeportocarrero.com\/#website\"},\"datePublished\":\"2024-03-15T10:19:07+00:00\",\"dateModified\":\"2024-03-19T12:27:44+00:00\",\"author\":{\"@id\":\"https:\/\/iessoldeportocarrero.com\/#\/schema\/person\/c143d2d036811e362054181df6a0cf08\"},\"breadcrumb\":{\"@id\":\"https:\/\/iessoldeportocarrero.com\/?p=2318#breadcrumb\"},\"inLanguage\":\"es\",\"potentialAction\":[{\"@type\":\"ReadAction\",\"target\":[\"https:\/\/iessoldeportocarrero.com\/?p=2318\"]}]},{\"@type\":\"BreadcrumbList\",\"@id\":\"https:\/\/iessoldeportocarrero.com\/?p=2318#breadcrumb\",\"itemListElement\":[{\"@type\":\"ListItem\",\"position\":1,\"name\":\"Home\",\"item\":\"https:\/\/iessoldeportocarrero.com\/\"},{\"@type\":\"ListItem\",\"position\":2,\"name\":\"D\u00cdA DE LAS MATEM\u00c1TICAS EN LA UAL\"}]},{\"@type\":\"WebSite\",\"@id\":\"https:\/\/iessoldeportocarrero.com\/#website\",\"url\":\"https:\/\/iessoldeportocarrero.com\/\",\"name\":\"IES SOL DE PORTOCARRERO - LA LABORAL\",\"description\":\"INSTITUTO DE EDUCACI\u00d3N SECUNDARIA Y FORMACI\u00d3N PROFESIONAL\",\"potentialAction\":[{\"@type\":\"SearchAction\",\"target\":{\"@type\":\"EntryPoint\",\"urlTemplate\":\"https:\/\/iessoldeportocarrero.com\/?s={search_term_string}\"},\"query-input\":\"required name=search_term_string\"}],\"inLanguage\":\"es\"},{\"@type\":\"Person\",\"@id\":\"https:\/\/iessoldeportocarrero.com\/#\/schema\/person\/c143d2d036811e362054181df6a0cf08\",\"name\":\"admin\",\"image\":{\"@type\":\"ImageObject\",\"inLanguage\":\"es\",\"@id\":\"https:\/\/iessoldeportocarrero.com\/#\/schema\/person\/image\/\",\"url\":\"https:\/\/secure.gravatar.com\/avatar\/2a8be5b512813919f72f94340ec143bbd6c2df599722972e236d59fcea563a2d?s=96&d=mm&r=g\",\"contentUrl\":\"https:\/\/secure.gravatar.com\/avatar\/2a8be5b512813919f72f94340ec143bbd6c2df599722972e236d59fcea563a2d?s=96&d=mm&r=g\",\"caption\":\"admin\"},\"sameAs\":[\"https:\/\/iessoldeportocarrero.com\"],\"url\":\"https:\/\/iessoldeportocarrero.com\/?author=1\"}]}<\/script>\n<!-- \/ Yoast SEO plugin. -->","yoast_head_json":{"title":"D\u00cdA DE LAS MATEM\u00c1TICAS EN LA UAL - IES SOL DE PORTOCARRERO - LA LABORAL","robots":{"index":"index","follow":"follow","max-snippet":"max-snippet:-1","max-image-preview":"max-image-preview:large","max-video-preview":"max-video-preview:-1"},"canonical":"https:\/\/iessoldeportocarrero.com\/?p=2318","og_locale":"es_ES","og_type":"article","og_title":"D\u00cdA DE LAS MATEM\u00c1TICAS EN LA UAL - IES SOL DE PORTOCARRERO - LA LABORAL","og_description":"Alumnado de nuestro centro particip\u00f3 en el D\u00cdA DE LAS MATEM\u00c1TICAS, junto a m\u00e1s de medio millar de estudiantes de Ense\u00f1anza Secundaria y de alumnado universitario portando una pancarta lineal de medio kil\u00f3metro , con hasta mil primeras cifras decimales Leer m\u00e1s...","og_url":"https:\/\/iessoldeportocarrero.com\/?p=2318","og_site_name":"IES SOL DE PORTOCARRERO - LA LABORAL","article_published_time":"2024-03-15T10:19:07+00:00","article_modified_time":"2024-03-19T12:27:44+00:00","og_image":[{"width":1600,"height":1196,"url":"https:\/\/iessoldeportocarrero.com\/wp-content\/uploads\/2024\/03\/IMG-20240315-WA0005.jpg","type":"image\/jpeg"}],"author":"admin","twitter_card":"summary_large_image","twitter_misc":{"Escrito por":"admin"},"schema":{"@context":"https:\/\/schema.org","@graph":[{"@type":"WebPage","@id":"https:\/\/iessoldeportocarrero.com\/?p=2318","url":"https:\/\/iessoldeportocarrero.com\/?p=2318","name":"D\u00cdA DE LAS MATEM\u00c1TICAS EN LA UAL - IES SOL DE PORTOCARRERO - LA LABORAL","isPartOf":{"@id":"https:\/\/iessoldeportocarrero.com\/#website"},"datePublished":"2024-03-15T10:19:07+00:00","dateModified":"2024-03-19T12:27:44+00:00","author":{"@id":"https:\/\/iessoldeportocarrero.com\/#\/schema\/person\/c143d2d036811e362054181df6a0cf08"},"breadcrumb":{"@id":"https:\/\/iessoldeportocarrero.com\/?p=2318#breadcrumb"},"inLanguage":"es","potentialAction":[{"@type":"ReadAction","target":["https:\/\/iessoldeportocarrero.com\/?p=2318"]}]},{"@type":"BreadcrumbList","@id":"https:\/\/iessoldeportocarrero.com\/?p=2318#breadcrumb","itemListElement":[{"@type":"ListItem","position":1,"name":"Home","item":"https:\/\/iessoldeportocarrero.com\/"},{"@type":"ListItem","position":2,"name":"D\u00cdA DE LAS MATEM\u00c1TICAS EN LA UAL"}]},{"@type":"WebSite","@id":"https:\/\/iessoldeportocarrero.com\/#website","url":"https:\/\/iessoldeportocarrero.com\/","name":"IES SOL DE PORTOCARRERO - LA LABORAL","description":"INSTITUTO DE EDUCACI\u00d3N SECUNDARIA Y FORMACI\u00d3N PROFESIONAL","potentialAction":[{"@type":"SearchAction","target":{"@type":"EntryPoint","urlTemplate":"https:\/\/iessoldeportocarrero.com\/?s={search_term_string}"},"query-input":"required name=search_term_string"}],"inLanguage":"es"},{"@type":"Person","@id":"https:\/\/iessoldeportocarrero.com\/#\/schema\/person\/c143d2d036811e362054181df6a0cf08","name":"admin","image":{"@type":"ImageObject","inLanguage":"es","@id":"https:\/\/iessoldeportocarrero.com\/#\/schema\/person\/image\/","url":"https:\/\/secure.gravatar.com\/avatar\/2a8be5b512813919f72f94340ec143bbd6c2df599722972e236d59fcea563a2d?s=96&d=mm&r=g","contentUrl":"https:\/\/secure.gravatar.com\/avatar\/2a8be5b512813919f72f94340ec143bbd6c2df599722972e236d59fcea563a2d?s=96&d=mm&r=g","caption":"admin"},"sameAs":["https:\/\/iessoldeportocarrero.com"],"url":"https:\/\/iessoldeportocarrero.com\/?author=1"}]}},"jetpack_featured_media_url":"https:\/\/iessoldeportocarrero.com\/wp-content\/uploads\/2024\/03\/IMG-20240315-WA0005.jpg","jetpack_sharing_enabled":true,"jetpack-related-posts":[{"id":2286,"url":"https:\/\/iessoldeportocarrero.com\/?p=2286","url_meta":{"origin":2318,"position":0},"title":"ALUMNOS DE 2\u00ba ESO PARTICIPAN EN LAS XXXIX OLIMPIADAS MATEM\u00c1TICAS THALES","author":"admin","date":"marzo 10, 2024","format":false,"excerpt":"La Sociedad Andaluza de Educaci\u00f3n Matem\u00e1tica \"THALES\", ha celebrado en IES MAR SERENA PULP\u00cd la OLIMPIADA MATEM\u00c1TICA para los escolares de 2\u00ba E.S.O. con el prop\u00f3sito fundamental de proporcionar al alumnado una manera grata de hacer matem\u00e1ticas.","rel":"","context":"En \u00abCENTRO\u00bb","block_context":{"text":"CENTRO","link":"https:\/\/iessoldeportocarrero.com\/?cat=13"},"img":{"alt_text":"","src":"https:\/\/i0.wp.com\/iessoldeportocarrero.com\/wp-content\/uploads\/2024\/03\/WhatsApp-Image-2024-03-10-at-16.53.31-3.jpeg?resize=350%2C200&ssl=1","width":350,"height":200,"srcset":"https:\/\/i0.wp.com\/iessoldeportocarrero.com\/wp-content\/uploads\/2024\/03\/WhatsApp-Image-2024-03-10-at-16.53.31-3.jpeg?resize=350%2C200&ssl=1 1x, https:\/\/i0.wp.com\/iessoldeportocarrero.com\/wp-content\/uploads\/2024\/03\/WhatsApp-Image-2024-03-10-at-16.53.31-3.jpeg?resize=525%2C300&ssl=1 1.5x, https:\/\/i0.wp.com\/iessoldeportocarrero.com\/wp-content\/uploads\/2024\/03\/WhatsApp-Image-2024-03-10-at-16.53.31-3.jpeg?resize=700%2C400&ssl=1 2x, https:\/\/i0.wp.com\/iessoldeportocarrero.com\/wp-content\/uploads\/2024\/03\/WhatsApp-Image-2024-03-10-at-16.53.31-3.jpeg?resize=1050%2C600&ssl=1 3x, https:\/\/i0.wp.com\/iessoldeportocarrero.com\/wp-content\/uploads\/2024\/03\/WhatsApp-Image-2024-03-10-at-16.53.31-3.jpeg?resize=1400%2C800&ssl=1 4x"},"classes":[]},{"id":1622,"url":"https:\/\/iessoldeportocarrero.com\/?p=1622","url_meta":{"origin":2318,"position":1},"title":"Nuestra alumna Erika de la Fuente Acedo es premiada en la UAL por su tercer puesto en la Olimpiada de Geolog\u00eda 2023","author":"Jose Antonio Gonz\u00e1lez Rodr\u00edguez","date":"junio 28, 2023","format":false,"excerpt":"En la tarde del 27 de junio tuvo lugar en la Universidad de Almer\u00eda el acto de entrega de los premios de la fase local de las Olimpiadas de F\u00edsica, Geolog\u00eda, Matem\u00e1ticas y Qu\u00edmica del curso 2022-2023. Al acto, que estuvo presidido por el Delegado de Educaci\u00f3n y el Decano\u2026","rel":"","context":"En \u00abBIOLOG\u00cdA\u00bb","block_context":{"text":"BIOLOG\u00cdA","link":"https:\/\/iessoldeportocarrero.com\/?cat=15"},"img":{"alt_text":"","src":"https:\/\/i0.wp.com\/iessoldeportocarrero.com\/wp-content\/uploads\/2023\/06\/IMG20230627184440-2-scaled.jpg?resize=350%2C200&ssl=1","width":350,"height":200,"srcset":"https:\/\/i0.wp.com\/iessoldeportocarrero.com\/wp-content\/uploads\/2023\/06\/IMG20230627184440-2-scaled.jpg?resize=350%2C200&ssl=1 1x, https:\/\/i0.wp.com\/iessoldeportocarrero.com\/wp-content\/uploads\/2023\/06\/IMG20230627184440-2-scaled.jpg?resize=525%2C300&ssl=1 1.5x, https:\/\/i0.wp.com\/iessoldeportocarrero.com\/wp-content\/uploads\/2023\/06\/IMG20230627184440-2-scaled.jpg?resize=700%2C400&ssl=1 2x, https:\/\/i0.wp.com\/iessoldeportocarrero.com\/wp-content\/uploads\/2023\/06\/IMG20230627184440-2-scaled.jpg?resize=1050%2C600&ssl=1 3x, https:\/\/i0.wp.com\/iessoldeportocarrero.com\/wp-content\/uploads\/2023\/06\/IMG20230627184440-2-scaled.jpg?resize=1400%2C800&ssl=1 4x"},"classes":[]},{"id":3122,"url":"https:\/\/iessoldeportocarrero.com\/?p=3122","url_meta":{"origin":2318,"position":2},"title":"Concurso de cuadernos de clase","author":"admin","date":"abril 11, 2025","format":false,"excerpt":"Premiamos a los mejores cuadernos de clase del alumnado de la etapa de la ESO; valorando su orden, limpieza e implicaci\u00f3n en el trabajo de diario que se refleja en sus cuadernos. Ganadores y ganadoras\u00a0 Yani Wu de 1 ESO D por su cuaderno de Matem\u00e1ticas\u00a0 Aitana Padilla de 2\u2026","rel":"","context":"En \u00abCENTRO\u00bb","block_context":{"text":"CENTRO","link":"https:\/\/iessoldeportocarrero.com\/?cat=13"},"img":{"alt_text":"","src":"https:\/\/i0.wp.com\/iessoldeportocarrero.com\/wp-content\/uploads\/2025\/04\/Imagen-de-WhatsApp-2025-04-11-a-las-08.42.58_fbb4c74c-1-150x150.jpg?resize=350%2C200&ssl=1","width":350,"height":200,"srcset":"https:\/\/i0.wp.com\/iessoldeportocarrero.com\/wp-content\/uploads\/2025\/04\/Imagen-de-WhatsApp-2025-04-11-a-las-08.42.58_fbb4c74c-1-150x150.jpg?resize=350%2C200&ssl=1 1x, https:\/\/i0.wp.com\/iessoldeportocarrero.com\/wp-content\/uploads\/2025\/04\/Imagen-de-WhatsApp-2025-04-11-a-las-08.42.58_fbb4c74c-1-150x150.jpg?resize=525%2C300&ssl=1 1.5x, https:\/\/i0.wp.com\/iessoldeportocarrero.com\/wp-content\/uploads\/2025\/04\/Imagen-de-WhatsApp-2025-04-11-a-las-08.42.58_fbb4c74c-1-150x150.jpg?resize=700%2C400&ssl=1 2x, https:\/\/i0.wp.com\/iessoldeportocarrero.com\/wp-content\/uploads\/2025\/04\/Imagen-de-WhatsApp-2025-04-11-a-las-08.42.58_fbb4c74c-1-150x150.jpg?resize=1050%2C600&ssl=1 3x"},"classes":[]},{"id":2411,"url":"https:\/\/iessoldeportocarrero.com\/?p=2411","url_meta":{"origin":2318,"position":3},"title":"Abdelkarim Bellahcen Jerrayi, ganador del concurso de problemas matem\u00e1ticos de la UAL","author":"admin","date":"marzo 22, 2024","format":false,"excerpt":"En esta edici\u00f3n del concurso, el jurado ha considerado que la soluci\u00f3n ganador a ha sido la enviada por Abdelkarim Bellahcen Jerrayi, estudiante de segundo de Bachillerato del IES Sol de Portocarrero de Almer\u00eda. Fuente: https:\/\/boletinmatematico.ual.es\/2024\/01\/vol-xvii-numero-2\/","rel":"","context":"En \u00abCENTRO\u00bb","block_context":{"text":"CENTRO","link":"https:\/\/iessoldeportocarrero.com\/?cat=13"},"img":{"alt_text":"","src":"https:\/\/i0.wp.com\/iessoldeportocarrero.com\/wp-content\/uploads\/2024\/04\/FinProblema.png?resize=350%2C200&ssl=1","width":350,"height":200,"srcset":"https:\/\/i0.wp.com\/iessoldeportocarrero.com\/wp-content\/uploads\/2024\/04\/FinProblema.png?resize=350%2C200&ssl=1 1x, https:\/\/i0.wp.com\/iessoldeportocarrero.com\/wp-content\/uploads\/2024\/04\/FinProblema.png?resize=525%2C300&ssl=1 1.5x, https:\/\/i0.wp.com\/iessoldeportocarrero.com\/wp-content\/uploads\/2024\/04\/FinProblema.png?resize=700%2C400&ssl=1 2x"},"classes":[]},{"id":2797,"url":"https:\/\/iessoldeportocarrero.com\/?p=2797","url_meta":{"origin":2318,"position":4},"title":"COMPOSICI\u00d3N DEL DEPARTAMENTO","author":"Cristina Garc\u00eda Segura","date":"noviembre 24, 2024","format":false,"excerpt":"El departamento de Matem\u00e1ticas est\u00e1 formado por:In\u00e9s Ferrer ContrerasPedro Llorente PulidoCristina Garc\u00eda SeguraIluminada Al\u00edas MontoyaMar\u00eda del Carmen S\u00e1nchez S\u00e1ezManuel Hern\u00e1ndez Exp\u00f3sitoFrancisco Jos\u00e9 Ramos RamosAntonio Gallardo Rodr\u00edguezAna Isabel Pino \u00c1lvarezNoelia Molina Mart\u00ednezAntonio \u00c1ngel Navarro OrtizJuan Jos\u00e9 Serrano Corcoles","rel":"","context":"En \u00abMATEM\u00c1TICAS\u00bb","block_context":{"text":"MATEM\u00c1TICAS","link":"https:\/\/iessoldeportocarrero.com\/?cat=27"},"img":{"alt_text":"","src":"","width":0,"height":0},"classes":[]},{"id":2140,"url":"https:\/\/iessoldeportocarrero.com\/?p=2140","url_meta":{"origin":2318,"position":5},"title":"CELEBRACIONES D\u00cdA DE LA PAZ","author":"admin","date":"febrero 2, 2024","format":false,"excerpt":"Actividades realizadas por nuestro alumnado, con motivo del D\u00eda de la Paz, el departamento de Orientaci\u00f3n ha organizado unas jornadas enriquecedoras con la participaci\u00f3n del alumnado, junto con el grupo de mediadores del Centro.","rel":"","context":"En \u00abCENTRO\u00bb","block_context":{"text":"CENTRO","link":"https:\/\/iessoldeportocarrero.com\/?cat=13"},"img":{"alt_text":"","src":"https:\/\/i0.wp.com\/iessoldeportocarrero.com\/wp-content\/uploads\/2024\/02\/IMG_20240129_131530-1-scaled.jpg?resize=350%2C200&ssl=1","width":350,"height":200,"srcset":"https:\/\/i0.wp.com\/iessoldeportocarrero.com\/wp-content\/uploads\/2024\/02\/IMG_20240129_131530-1-scaled.jpg?resize=350%2C200&ssl=1 1x, https:\/\/i0.wp.com\/iessoldeportocarrero.com\/wp-content\/uploads\/2024\/02\/IMG_20240129_131530-1-scaled.jpg?resize=525%2C300&ssl=1 1.5x, https:\/\/i0.wp.com\/iessoldeportocarrero.com\/wp-content\/uploads\/2024\/02\/IMG_20240129_131530-1-scaled.jpg?resize=700%2C400&ssl=1 2x, https:\/\/i0.wp.com\/iessoldeportocarrero.com\/wp-content\/uploads\/2024\/02\/IMG_20240129_131530-1-scaled.jpg?resize=1050%2C600&ssl=1 3x, https:\/\/i0.wp.com\/iessoldeportocarrero.com\/wp-content\/uploads\/2024\/02\/IMG_20240129_131530-1-scaled.jpg?resize=1400%2C800&ssl=1 4x"},"classes":[]}],"_links":{"self":[{"href":"https:\/\/iessoldeportocarrero.com\/index.php?rest_route=\/wp\/v2\/posts\/2318","targetHints":{"allow":["GET"]}}],"collection":[{"href":"https:\/\/iessoldeportocarrero.com\/index.php?rest_route=\/wp\/v2\/posts"}],"about":[{"href":"https:\/\/iessoldeportocarrero.com\/index.php?rest_route=\/wp\/v2\/types\/post"}],"author":[{"embeddable":true,"href":"https:\/\/iessoldeportocarrero.com\/index.php?rest_route=\/wp\/v2\/users\/1"}],"replies":[{"embeddable":true,"href":"https:\/\/iessoldeportocarrero.com\/index.php?rest_route=%2Fwp%2Fv2%2Fcomments&post=2318"}],"version-history":[{"count":2,"href":"https:\/\/iessoldeportocarrero.com\/index.php?rest_route=\/wp\/v2\/posts\/2318\/revisions"}],"predecessor-version":[{"id":2349,"href":"https:\/\/iessoldeportocarrero.com\/index.php?rest_route=\/wp\/v2\/posts\/2318\/revisions\/2349"}],"wp:featuredmedia":[{"embeddable":true,"href":"https:\/\/iessoldeportocarrero.com\/index.php?rest_route=\/wp\/v2\/media\/2322"}],"wp:attachment":[{"href":"https:\/\/iessoldeportocarrero.com\/index.php?rest_route=%2Fwp%2Fv2%2Fmedia&parent=2318"}],"wp:term":[{"taxonomy":"category","embeddable":true,"href":"https:\/\/iessoldeportocarrero.com\/index.php?rest_route=%2Fwp%2Fv2%2Fcategories&post=2318"},{"taxonomy":"post_tag","embeddable":true,"href":"https:\/\/iessoldeportocarrero.com\/index.php?rest_route=%2Fwp%2Fv2%2Ftags&post=2318"}],"curies":[{"name":"wp","href":"https:\/\/api.w.org\/{rel}","templated":true}]}}