{"id":2217,"date":"2024-02-19T09:05:56","date_gmt":"2024-02-19T08:05:56","guid":{"rendered":"https:\/\/iessoldeportocarrero.com\/?p=2217"},"modified":"2024-02-19T09:08:59","modified_gmt":"2024-02-19T08:08:59","slug":"concurso-chez-andaluz","status":"publish","type":"post","link":"https:\/\/iessoldeportocarrero.com\/?p=2217","title":{"rendered":"CONCURSO CHEZ ANDALUZ"},"content":{"rendered":"\n<p>Con motivo del d\u00eda de Andaluc\u00eda, el  AMPA ALMARIYA  junto con el Centro IES SOLDE PORTOCARREO, tienen la intenci\u00f3n de recuperar una de las tradiciones de nuestro centro, como es<strong> \u00bb Las Comidas del D\u00eda de Andaluc\u00eda\u00bb<\/strong>, como espacio de encuentro y convivencia de toda la comunidad educativa. D\u00e1ndole un\u00a0 nuevo aire, la propuesta es celebrar un\u00a0<strong>concurso gastron\u00f3mico abierto a todo el alumnado del centro desde la ESO a Bachillerato y Ciclos.\u00a0<\/strong><\/p>\n\n\n<div class=\"wp-block-image\">\n<figure class=\"aligncenter size-full\"><img fetchpriority=\"high\" decoding=\"async\" width=\"532\" height=\"745\" src=\"https:\/\/iessoldeportocarrero.com\/wp-content\/uploads\/2024\/02\/BASES-DEL-CONCURSO.png\" alt=\"\" class=\"wp-image-2219\" srcset=\"https:\/\/iessoldeportocarrero.com\/wp-content\/uploads\/2024\/02\/BASES-DEL-CONCURSO.png 532w, https:\/\/iessoldeportocarrero.com\/wp-content\/uploads\/2024\/02\/BASES-DEL-CONCURSO-214x300.png 214w, https:\/\/iessoldeportocarrero.com\/wp-content\/uploads\/2024\/02\/BASES-DEL-CONCURSO-193x270.png 193w\" sizes=\"(max-width: 532px) 100vw, 532px\" \/><\/figure>\n<\/div>","protected":false},"excerpt":{"rendered":"<p>Con motivo del d\u00eda de Andaluc\u00eda, el AMPA ALMARIYA junto con el Centro IES SOLDE PORTOCARREO, tienen la intenci\u00f3n de recuperar una de las tradiciones de nuestro centro, como es \u00bb Las Comidas del D\u00eda de Andaluc\u00eda\u00bb, como espacio de <a href=\"https:\/\/iessoldeportocarrero.com\/?p=2217\" class=\"read-more\">Leer m\u00e1s&#8230;<\/a><\/p>\n","protected":false},"author":1,"featured_media":2218,"comment_status":"closed","ping_status":"closed","sticky":false,"template":"","format":"standard","meta":{"_jetpack_memberships_contains_paid_content":false,"footnotes":""},"categories":[13],"tags":[],"class_list":["post-2217","post","type-post","status-publish","format-standard","has-post-thumbnail","hentry","category-centro"],"yoast_head":"<!-- This site is optimized with the Yoast SEO plugin v19.14 - https:\/\/yoast.com\/wordpress\/plugins\/seo\/ -->\n<title>CONCURSO CHEZ ANDALUZ - IES SOL DE PORTOCARRERO - LA LABORAL<\/title>\n<meta name=\"robots\" content=\"index, follow, max-snippet:-1, max-image-preview:large, max-video-preview:-1\" \/>\n<link rel=\"canonical\" href=\"https:\/\/iessoldeportocarrero.com\/?p=2217\" \/>\n<meta property=\"og:locale\" content=\"es_ES\" \/>\n<meta property=\"og:type\" content=\"article\" \/>\n<meta property=\"og:title\" content=\"CONCURSO CHEZ ANDALUZ - IES SOL DE PORTOCARRERO - LA LABORAL\" \/>\n<meta property=\"og:description\" content=\"Con motivo del d\u00eda de Andaluc\u00eda, el AMPA ALMARIYA junto con el Centro IES SOLDE PORTOCARREO, tienen la intenci\u00f3n de recuperar una de las tradiciones de nuestro centro, como es \u00bb Las Comidas del D\u00eda de Andaluc\u00eda\u00bb, como espacio de Leer m\u00e1s...\" \/>\n<meta property=\"og:url\" content=\"https:\/\/iessoldeportocarrero.com\/?p=2217\" \/>\n<meta property=\"og:site_name\" content=\"IES SOL DE PORTOCARRERO - LA LABORAL\" \/>\n<meta property=\"article:published_time\" content=\"2024-02-19T08:05:56+00:00\" \/>\n<meta property=\"article:modified_time\" content=\"2024-02-19T08:08:59+00:00\" \/>\n<meta property=\"og:image\" content=\"https:\/\/iessoldeportocarrero.com\/wp-content\/uploads\/2024\/02\/chez-Andaluz.png\" \/>\n\t<meta property=\"og:image:width\" content=\"465\" \/>\n\t<meta property=\"og:image:height\" content=\"737\" \/>\n\t<meta property=\"og:image:type\" content=\"image\/png\" \/>\n<meta name=\"author\" content=\"admin\" \/>\n<meta name=\"twitter:card\" content=\"summary_large_image\" \/>\n<meta name=\"twitter:label1\" content=\"Escrito por\" \/>\n\t<meta name=\"twitter:data1\" content=\"admin\" \/>\n<script type=\"application\/ld+json\" class=\"yoast-schema-graph\">{\"@context\":\"https:\/\/schema.org\",\"@graph\":[{\"@type\":\"WebPage\",\"@id\":\"https:\/\/iessoldeportocarrero.com\/?p=2217\",\"url\":\"https:\/\/iessoldeportocarrero.com\/?p=2217\",\"name\":\"CONCURSO CHEZ ANDALUZ - IES SOL DE PORTOCARRERO - LA LABORAL\",\"isPartOf\":{\"@id\":\"https:\/\/iessoldeportocarrero.com\/#website\"},\"datePublished\":\"2024-02-19T08:05:56+00:00\",\"dateModified\":\"2024-02-19T08:08:59+00:00\",\"author\":{\"@id\":\"https:\/\/iessoldeportocarrero.com\/#\/schema\/person\/c143d2d036811e362054181df6a0cf08\"},\"breadcrumb\":{\"@id\":\"https:\/\/iessoldeportocarrero.com\/?p=2217#breadcrumb\"},\"inLanguage\":\"es\",\"potentialAction\":[{\"@type\":\"ReadAction\",\"target\":[\"https:\/\/iessoldeportocarrero.com\/?p=2217\"]}]},{\"@type\":\"BreadcrumbList\",\"@id\":\"https:\/\/iessoldeportocarrero.com\/?p=2217#breadcrumb\",\"itemListElement\":[{\"@type\":\"ListItem\",\"position\":1,\"name\":\"Home\",\"item\":\"https:\/\/iessoldeportocarrero.com\/\"},{\"@type\":\"ListItem\",\"position\":2,\"name\":\"CONCURSO CHEZ ANDALUZ\"}]},{\"@type\":\"WebSite\",\"@id\":\"https:\/\/iessoldeportocarrero.com\/#website\",\"url\":\"https:\/\/iessoldeportocarrero.com\/\",\"name\":\"IES SOL DE PORTOCARRERO - LA LABORAL\",\"description\":\"INSTITUTO DE EDUCACI\u00d3N SECUNDARIA Y FORMACI\u00d3N PROFESIONAL\",\"potentialAction\":[{\"@type\":\"SearchAction\",\"target\":{\"@type\":\"EntryPoint\",\"urlTemplate\":\"https:\/\/iessoldeportocarrero.com\/?s={search_term_string}\"},\"query-input\":\"required name=search_term_string\"}],\"inLanguage\":\"es\"},{\"@type\":\"Person\",\"@id\":\"https:\/\/iessoldeportocarrero.com\/#\/schema\/person\/c143d2d036811e362054181df6a0cf08\",\"name\":\"admin\",\"image\":{\"@type\":\"ImageObject\",\"inLanguage\":\"es\",\"@id\":\"https:\/\/iessoldeportocarrero.com\/#\/schema\/person\/image\/\",\"url\":\"https:\/\/secure.gravatar.com\/avatar\/2a8be5b512813919f72f94340ec143bbd6c2df599722972e236d59fcea563a2d?s=96&d=mm&r=g\",\"contentUrl\":\"https:\/\/secure.gravatar.com\/avatar\/2a8be5b512813919f72f94340ec143bbd6c2df599722972e236d59fcea563a2d?s=96&d=mm&r=g\",\"caption\":\"admin\"},\"sameAs\":[\"https:\/\/iessoldeportocarrero.com\"],\"url\":\"https:\/\/iessoldeportocarrero.com\/?author=1\"}]}<\/script>\n<!-- \/ Yoast SEO plugin. -->","yoast_head_json":{"title":"CONCURSO CHEZ ANDALUZ - IES SOL DE PORTOCARRERO - LA LABORAL","robots":{"index":"index","follow":"follow","max-snippet":"max-snippet:-1","max-image-preview":"max-image-preview:large","max-video-preview":"max-video-preview:-1"},"canonical":"https:\/\/iessoldeportocarrero.com\/?p=2217","og_locale":"es_ES","og_type":"article","og_title":"CONCURSO CHEZ ANDALUZ - IES SOL DE PORTOCARRERO - LA LABORAL","og_description":"Con motivo del d\u00eda de Andaluc\u00eda, el AMPA ALMARIYA junto con el Centro IES SOLDE PORTOCARREO, tienen la intenci\u00f3n de recuperar una de las tradiciones de nuestro centro, como es \u00bb Las Comidas del D\u00eda de Andaluc\u00eda\u00bb, como espacio de Leer m\u00e1s...","og_url":"https:\/\/iessoldeportocarrero.com\/?p=2217","og_site_name":"IES SOL DE PORTOCARRERO - LA LABORAL","article_published_time":"2024-02-19T08:05:56+00:00","article_modified_time":"2024-02-19T08:08:59+00:00","og_image":[{"width":465,"height":737,"url":"https:\/\/iessoldeportocarrero.com\/wp-content\/uploads\/2024\/02\/chez-Andaluz.png","type":"image\/png"}],"author":"admin","twitter_card":"summary_large_image","twitter_misc":{"Escrito por":"admin"},"schema":{"@context":"https:\/\/schema.org","@graph":[{"@type":"WebPage","@id":"https:\/\/iessoldeportocarrero.com\/?p=2217","url":"https:\/\/iessoldeportocarrero.com\/?p=2217","name":"CONCURSO CHEZ ANDALUZ - IES SOL DE PORTOCARRERO - LA LABORAL","isPartOf":{"@id":"https:\/\/iessoldeportocarrero.com\/#website"},"datePublished":"2024-02-19T08:05:56+00:00","dateModified":"2024-02-19T08:08:59+00:00","author":{"@id":"https:\/\/iessoldeportocarrero.com\/#\/schema\/person\/c143d2d036811e362054181df6a0cf08"},"breadcrumb":{"@id":"https:\/\/iessoldeportocarrero.com\/?p=2217#breadcrumb"},"inLanguage":"es","potentialAction":[{"@type":"ReadAction","target":["https:\/\/iessoldeportocarrero.com\/?p=2217"]}]},{"@type":"BreadcrumbList","@id":"https:\/\/iessoldeportocarrero.com\/?p=2217#breadcrumb","itemListElement":[{"@type":"ListItem","position":1,"name":"Home","item":"https:\/\/iessoldeportocarrero.com\/"},{"@type":"ListItem","position":2,"name":"CONCURSO CHEZ ANDALUZ"}]},{"@type":"WebSite","@id":"https:\/\/iessoldeportocarrero.com\/#website","url":"https:\/\/iessoldeportocarrero.com\/","name":"IES SOL DE PORTOCARRERO - LA LABORAL","description":"INSTITUTO DE EDUCACI\u00d3N SECUNDARIA Y FORMACI\u00d3N PROFESIONAL","potentialAction":[{"@type":"SearchAction","target":{"@type":"EntryPoint","urlTemplate":"https:\/\/iessoldeportocarrero.com\/?s={search_term_string}"},"query-input":"required name=search_term_string"}],"inLanguage":"es"},{"@type":"Person","@id":"https:\/\/iessoldeportocarrero.com\/#\/schema\/person\/c143d2d036811e362054181df6a0cf08","name":"admin","image":{"@type":"ImageObject","inLanguage":"es","@id":"https:\/\/iessoldeportocarrero.com\/#\/schema\/person\/image\/","url":"https:\/\/secure.gravatar.com\/avatar\/2a8be5b512813919f72f94340ec143bbd6c2df599722972e236d59fcea563a2d?s=96&d=mm&r=g","contentUrl":"https:\/\/secure.gravatar.com\/avatar\/2a8be5b512813919f72f94340ec143bbd6c2df599722972e236d59fcea563a2d?s=96&d=mm&r=g","caption":"admin"},"sameAs":["https:\/\/iessoldeportocarrero.com"],"url":"https:\/\/iessoldeportocarrero.com\/?author=1"}]}},"jetpack_featured_media_url":"https:\/\/iessoldeportocarrero.com\/wp-content\/uploads\/2024\/02\/chez-Andaluz.png","jetpack_sharing_enabled":true,"jetpack-related-posts":[{"id":2251,"url":"https:\/\/iessoldeportocarrero.com\/?p=2251","url_meta":{"origin":2217,"position":0},"title":"I CONCURSO GASTRON\u00d3MICO \u201cCHEF ANDAL\u00daZ\u00bb.","author":"admin","date":"febrero 27, 2024","format":false,"excerpt":"Hoy celebraremos el concurso gastron\u00f3mico con motivo del D\u00eda de Andaluc\u00eda. Alumnos de todos los niveles educativos, ESO, BACHILLERATO Y CICLOS FORMATIVOS, han participado en una jornada con mucho sabor con platos dulces y salados, exquisitos.Os dejamos la entrega de premios y m\u00e1s fotos en nuestro perfil de Instagram :\u2026","rel":"","context":"En \u00abCENTRO\u00bb","block_context":{"text":"CENTRO","link":"https:\/\/iessoldeportocarrero.com\/?cat=13"},"img":{"alt_text":"","src":"https:\/\/i0.wp.com\/iessoldeportocarrero.com\/wp-content\/uploads\/2024\/02\/IMG_20240227_112704-scaled-e1709037509166.jpg?resize=350%2C200&ssl=1","width":350,"height":200,"srcset":"https:\/\/i0.wp.com\/iessoldeportocarrero.com\/wp-content\/uploads\/2024\/02\/IMG_20240227_112704-scaled-e1709037509166.jpg?resize=350%2C200&ssl=1 1x, https:\/\/i0.wp.com\/iessoldeportocarrero.com\/wp-content\/uploads\/2024\/02\/IMG_20240227_112704-scaled-e1709037509166.jpg?resize=525%2C300&ssl=1 1.5x, https:\/\/i0.wp.com\/iessoldeportocarrero.com\/wp-content\/uploads\/2024\/02\/IMG_20240227_112704-scaled-e1709037509166.jpg?resize=700%2C400&ssl=1 2x, https:\/\/i0.wp.com\/iessoldeportocarrero.com\/wp-content\/uploads\/2024\/02\/IMG_20240227_112704-scaled-e1709037509166.jpg?resize=1050%2C600&ssl=1 3x, https:\/\/i0.wp.com\/iessoldeportocarrero.com\/wp-content\/uploads\/2024\/02\/IMG_20240227_112704-scaled-e1709037509166.jpg?resize=1400%2C800&ssl=1 4x"},"classes":[]},{"id":2466,"url":"https:\/\/iessoldeportocarrero.com\/?p=2466","url_meta":{"origin":2217,"position":1},"title":"CELEBRACI\u00d3N DEL D\u00cdA DEL LIBRO","author":"admin","date":"abril 25, 2024","format":false,"excerpt":"Se ha celebrado el D\u00eda del Libro, iniciativa del departamento de Lengua y Literatura, donde se pueden observar algunas de las actividades que han dise\u00f1ado para el D\u00eda del Libro. En el video que se muestra a continuaci\u00f3n se pueden observar: -La primera es un mapa de Andaluc\u00eda en el\u2026","rel":"","context":"En \u00abCENTRO\u00bb","block_context":{"text":"CENTRO","link":"https:\/\/iessoldeportocarrero.com\/?cat=13"},"img":{"alt_text":"","src":"https:\/\/i0.wp.com\/iessoldeportocarrero.com\/wp-content\/uploads\/2024\/04\/dia-del-libro.jpg?resize=350%2C200&ssl=1","width":350,"height":200},"classes":[]},{"id":3158,"url":"https:\/\/iessoldeportocarrero.com\/?p=3158","url_meta":{"origin":2217,"position":2},"title":"D\u00cdA INTERNACIONAL DEL LIBRO (23 DE ABRIL 2025)","author":"Ana Bel\u00e9n Mart\u00ednez Garc\u00eda","date":"mayo 8, 2025","format":false,"excerpt":"El d\u00eda 23 de abril se celebra el D\u00eda Internacional del Libro para homenajear a escritores como William Shakespeare o Miguel de Cervantes, fomentar la lectura y promover el respeto por los derechos de autor. En nuestro centro se han programado actividades durante los d\u00edas 22, 23 y 24 de\u2026","rel":"","context":"En \u00abCENTRO\u00bb","block_context":{"text":"CENTRO","link":"https:\/\/iessoldeportocarrero.com\/?cat=13"},"img":{"alt_text":"","src":"https:\/\/i0.wp.com\/iessoldeportocarrero.com\/wp-content\/uploads\/2025\/05\/WhatsApp-Image-2025-05-08-at-16.53.40.jpeg?resize=350%2C200&ssl=1","width":350,"height":200,"srcset":"https:\/\/i0.wp.com\/iessoldeportocarrero.com\/wp-content\/uploads\/2025\/05\/WhatsApp-Image-2025-05-08-at-16.53.40.jpeg?resize=350%2C200&ssl=1 1x, https:\/\/i0.wp.com\/iessoldeportocarrero.com\/wp-content\/uploads\/2025\/05\/WhatsApp-Image-2025-05-08-at-16.53.40.jpeg?resize=525%2C300&ssl=1 1.5x, https:\/\/i0.wp.com\/iessoldeportocarrero.com\/wp-content\/uploads\/2025\/05\/WhatsApp-Image-2025-05-08-at-16.53.40.jpeg?resize=700%2C400&ssl=1 2x, https:\/\/i0.wp.com\/iessoldeportocarrero.com\/wp-content\/uploads\/2025\/05\/WhatsApp-Image-2025-05-08-at-16.53.40.jpeg?resize=1050%2C600&ssl=1 3x, https:\/\/i0.wp.com\/iessoldeportocarrero.com\/wp-content\/uploads\/2025\/05\/WhatsApp-Image-2025-05-08-at-16.53.40.jpeg?resize=1400%2C800&ssl=1 4x"},"classes":[]},{"id":2581,"url":"https:\/\/iessoldeportocarrero.com\/?p=2581","url_meta":{"origin":2217,"position":3},"title":"CALENDARIO DE MATRICULAS: CURSO 2024\/2025","author":"admin","date":"junio 11, 2024","format":false,"excerpt":"El calendario de matriculaci\u00f3n para el curso escolar 2024\/2025, ser\u00e1 del 1 al 10 de Julio, accediendo a la Secretaria Virtual. M\u00e1s informaci\u00f3n en la web de la Consejer\u00eda de Educaci\u00f3n de la Junta de Andaluc\u00eda:","rel":"","context":"En \u00abCENTRO\u00bb","block_context":{"text":"CENTRO","link":"https:\/\/iessoldeportocarrero.com\/?cat=13"},"img":{"alt_text":"","src":"https:\/\/i0.wp.com\/iessoldeportocarrero.com\/wp-content\/uploads\/2024\/06\/1-e1718103363718.jpg?resize=350%2C200&ssl=1","width":350,"height":200,"srcset":"https:\/\/i0.wp.com\/iessoldeportocarrero.com\/wp-content\/uploads\/2024\/06\/1-e1718103363718.jpg?resize=350%2C200&ssl=1 1x, https:\/\/i0.wp.com\/iessoldeportocarrero.com\/wp-content\/uploads\/2024\/06\/1-e1718103363718.jpg?resize=525%2C300&ssl=1 1.5x, https:\/\/i0.wp.com\/iessoldeportocarrero.com\/wp-content\/uploads\/2024\/06\/1-e1718103363718.jpg?resize=700%2C400&ssl=1 2x, https:\/\/i0.wp.com\/iessoldeportocarrero.com\/wp-content\/uploads\/2024\/06\/1-e1718103363718.jpg?resize=1050%2C600&ssl=1 3x"},"classes":[]},{"id":2956,"url":"https:\/\/iessoldeportocarrero.com\/?p=2956","url_meta":{"origin":2217,"position":4},"title":"CONCURSO PUERTAS NAVIDE\u00d1AS","author":"admin","date":"diciembre 20, 2024","format":false,"excerpt":"Este mes de diciembre hemos puesto en marcha el Primer Concurso de decoraci\u00f3n de \u201cPuertas Navide\u00f1as\u201d en el centro. Ha habido una gran participaci\u00f3n desde las diferentes tutor\u00edas y el jurado lo ha tenido muy dif\u00edcil pero estas son las puertas ganadoras. Los clases que han sido premiadas y aquellas\u2026","rel":"","context":"En \u00abCENTRO\u00bb","block_context":{"text":"CENTRO","link":"https:\/\/iessoldeportocarrero.com\/?cat=13"},"img":{"alt_text":"","src":"https:\/\/i0.wp.com\/iessoldeportocarrero.com\/wp-content\/uploads\/2024\/12\/image-1.png?resize=350%2C200&ssl=1","width":350,"height":200,"srcset":"https:\/\/i0.wp.com\/iessoldeportocarrero.com\/wp-content\/uploads\/2024\/12\/image-1.png?resize=350%2C200&ssl=1 1x, https:\/\/i0.wp.com\/iessoldeportocarrero.com\/wp-content\/uploads\/2024\/12\/image-1.png?resize=525%2C300&ssl=1 1.5x, https:\/\/i0.wp.com\/iessoldeportocarrero.com\/wp-content\/uploads\/2024\/12\/image-1.png?resize=700%2C400&ssl=1 2x"},"classes":[]},{"id":2411,"url":"https:\/\/iessoldeportocarrero.com\/?p=2411","url_meta":{"origin":2217,"position":5},"title":"Abdelkarim Bellahcen Jerrayi, ganador del concurso de problemas matem\u00e1ticos de la UAL","author":"admin","date":"marzo 22, 2024","format":false,"excerpt":"En esta edici\u00f3n del concurso, el jurado ha considerado que la soluci\u00f3n ganador a ha sido la enviada por Abdelkarim Bellahcen Jerrayi, estudiante de segundo de Bachillerato del IES Sol de Portocarrero de Almer\u00eda. Fuente: https:\/\/boletinmatematico.ual.es\/2024\/01\/vol-xvii-numero-2\/","rel":"","context":"En \u00abCENTRO\u00bb","block_context":{"text":"CENTRO","link":"https:\/\/iessoldeportocarrero.com\/?cat=13"},"img":{"alt_text":"","src":"https:\/\/i0.wp.com\/iessoldeportocarrero.com\/wp-content\/uploads\/2024\/04\/FinProblema.png?resize=350%2C200&ssl=1","width":350,"height":200,"srcset":"https:\/\/i0.wp.com\/iessoldeportocarrero.com\/wp-content\/uploads\/2024\/04\/FinProblema.png?resize=350%2C200&ssl=1 1x, https:\/\/i0.wp.com\/iessoldeportocarrero.com\/wp-content\/uploads\/2024\/04\/FinProblema.png?resize=525%2C300&ssl=1 1.5x, https:\/\/i0.wp.com\/iessoldeportocarrero.com\/wp-content\/uploads\/2024\/04\/FinProblema.png?resize=700%2C400&ssl=1 2x"},"classes":[]}],"_links":{"self":[{"href":"https:\/\/iessoldeportocarrero.com\/index.php?rest_route=\/wp\/v2\/posts\/2217","targetHints":{"allow":["GET"]}}],"collection":[{"href":"https:\/\/iessoldeportocarrero.com\/index.php?rest_route=\/wp\/v2\/posts"}],"about":[{"href":"https:\/\/iessoldeportocarrero.com\/index.php?rest_route=\/wp\/v2\/types\/post"}],"author":[{"embeddable":true,"href":"https:\/\/iessoldeportocarrero.com\/index.php?rest_route=\/wp\/v2\/users\/1"}],"replies":[{"embeddable":true,"href":"https:\/\/iessoldeportocarrero.com\/index.php?rest_route=%2Fwp%2Fv2%2Fcomments&post=2217"}],"version-history":[{"count":1,"href":"https:\/\/iessoldeportocarrero.com\/index.php?rest_route=\/wp\/v2\/posts\/2217\/revisions"}],"predecessor-version":[{"id":2220,"href":"https:\/\/iessoldeportocarrero.com\/index.php?rest_route=\/wp\/v2\/posts\/2217\/revisions\/2220"}],"wp:featuredmedia":[{"embeddable":true,"href":"https:\/\/iessoldeportocarrero.com\/index.php?rest_route=\/wp\/v2\/media\/2218"}],"wp:attachment":[{"href":"https:\/\/iessoldeportocarrero.com\/index.php?rest_route=%2Fwp%2Fv2%2Fmedia&parent=2217"}],"wp:term":[{"taxonomy":"category","embeddable":true,"href":"https:\/\/iessoldeportocarrero.com\/index.php?rest_route=%2Fwp%2Fv2%2Fcategories&post=2217"},{"taxonomy":"post_tag","embeddable":true,"href":"https:\/\/iessoldeportocarrero.com\/index.php?rest_route=%2Fwp%2Fv2%2Ftags&post=2217"}],"curies":[{"name":"wp","href":"https:\/\/api.w.org\/{rel}","templated":true}]}}