{"id":2133,"date":"2024-01-31T22:53:25","date_gmt":"2024-01-31T21:53:25","guid":{"rendered":"https:\/\/iessoldeportocarrero.com\/?p=2133"},"modified":"2024-01-31T22:59:22","modified_gmt":"2024-01-31T21:59:22","slug":"celebracion-del-dia-de-la-paz-en-el-ies-sol-de-portocarrero","status":"publish","type":"post","link":"https:\/\/iessoldeportocarrero.com\/?p=2133","title":{"rendered":"Celebraci\u00f3n del d\u00eda de la Paz en el IES Sol de Portocarrero"},"content":{"rendered":"\n<p>Los alumnos \/as celebraron el d\u00eda de la Paz con una representaci\u00f3n teatral de  premios nobel famosos en la historia relacionados con la paz acompa\u00f1ados por una actuaci\u00f3n musical de alumnos\/as de 2\u00ba de ESO<\/p>\n\n\n\n<figure class=\"wp-block-gallery has-nested-images columns-default is-cropped wp-block-gallery-1 is-layout-flex wp-block-gallery-is-layout-flex\">\n<figure class=\"wp-block-image size-large\"><img fetchpriority=\"high\" decoding=\"async\" width=\"1024\" height=\"768\" data-id=\"2134\" src=\"https:\/\/iessoldeportocarrero.com\/wp-content\/uploads\/2024\/01\/IMG-20240130-WA0028-1024x768.jpg\" alt=\"\" class=\"wp-image-2134\" srcset=\"https:\/\/iessoldeportocarrero.com\/wp-content\/uploads\/2024\/01\/IMG-20240130-WA0028-1024x768.jpg 1024w, https:\/\/iessoldeportocarrero.com\/wp-content\/uploads\/2024\/01\/IMG-20240130-WA0028-300x225.jpg 300w, https:\/\/iessoldeportocarrero.com\/wp-content\/uploads\/2024\/01\/IMG-20240130-WA0028-768x576.jpg 768w, https:\/\/iessoldeportocarrero.com\/wp-content\/uploads\/2024\/01\/IMG-20240130-WA0028-1536x1152.jpg 1536w, https:\/\/iessoldeportocarrero.com\/wp-content\/uploads\/2024\/01\/IMG-20240130-WA0028-360x270.jpg 360w, https:\/\/iessoldeportocarrero.com\/wp-content\/uploads\/2024\/01\/IMG-20240130-WA0028.jpg 1600w\" sizes=\"(max-width: 1024px) 100vw, 1024px\" \/><\/figure>\n<\/figure>\n\n\n\n<figure class=\"wp-block-gallery has-nested-images columns-default is-cropped wp-block-gallery-2 is-layout-flex wp-block-gallery-is-layout-flex\">\n<figure class=\"wp-block-image size-large\"><img decoding=\"async\" width=\"1024\" height=\"576\" data-id=\"2138\" src=\"https:\/\/iessoldeportocarrero.com\/wp-content\/uploads\/2024\/01\/IMG-20240130-WA0019-1024x576.jpg\" alt=\"\" class=\"wp-image-2138\" srcset=\"https:\/\/iessoldeportocarrero.com\/wp-content\/uploads\/2024\/01\/IMG-20240130-WA0019-1024x576.jpg 1024w, https:\/\/iessoldeportocarrero.com\/wp-content\/uploads\/2024\/01\/IMG-20240130-WA0019-300x169.jpg 300w, https:\/\/iessoldeportocarrero.com\/wp-content\/uploads\/2024\/01\/IMG-20240130-WA0019-768x432.jpg 768w, https:\/\/iessoldeportocarrero.com\/wp-content\/uploads\/2024\/01\/IMG-20240130-WA0019-1536x864.jpg 1536w, https:\/\/iessoldeportocarrero.com\/wp-content\/uploads\/2024\/01\/IMG-20240130-WA0019-360x203.jpg 360w, https:\/\/iessoldeportocarrero.com\/wp-content\/uploads\/2024\/01\/IMG-20240130-WA0019.jpg 2048w\" sizes=\"(max-width: 1024px) 100vw, 1024px\" \/><\/figure>\n\n\n\n<figure class=\"wp-block-image size-large\"><img decoding=\"async\" width=\"1024\" height=\"768\" data-id=\"2137\" src=\"https:\/\/iessoldeportocarrero.com\/wp-content\/uploads\/2024\/01\/IMG-20240130-WA0029-1024x768.jpg\" alt=\"\" class=\"wp-image-2137\" srcset=\"https:\/\/iessoldeportocarrero.com\/wp-content\/uploads\/2024\/01\/IMG-20240130-WA0029-1024x768.jpg 1024w, https:\/\/iessoldeportocarrero.com\/wp-content\/uploads\/2024\/01\/IMG-20240130-WA0029-300x225.jpg 300w, https:\/\/iessoldeportocarrero.com\/wp-content\/uploads\/2024\/01\/IMG-20240130-WA0029-768x576.jpg 768w, https:\/\/iessoldeportocarrero.com\/wp-content\/uploads\/2024\/01\/IMG-20240130-WA0029-1536x1152.jpg 1536w, https:\/\/iessoldeportocarrero.com\/wp-content\/uploads\/2024\/01\/IMG-20240130-WA0029-360x270.jpg 360w, https:\/\/iessoldeportocarrero.com\/wp-content\/uploads\/2024\/01\/IMG-20240130-WA0029.jpg 1600w\" sizes=\"(max-width: 1024px) 100vw, 1024px\" \/><\/figure>\n<\/figure>\n","protected":false},"excerpt":{"rendered":"<p>Los alumnos \/as celebraron el d\u00eda de la Paz con una representaci\u00f3n teatral de premios nobel famosos en la historia relacionados con la paz acompa\u00f1ados por una actuaci\u00f3n musical de alumnos\/as de 2\u00ba de ESO<\/p>\n","protected":false},"author":19,"featured_media":2134,"comment_status":"open","ping_status":"open","sticky":false,"template":"","format":"standard","meta":{"_jetpack_memberships_contains_paid_content":false,"footnotes":""},"categories":[13],"tags":[],"class_list":["post-2133","post","type-post","status-publish","format-standard","has-post-thumbnail","hentry","category-centro"],"yoast_head":"<!-- This site is optimized with the Yoast SEO plugin v19.14 - https:\/\/yoast.com\/wordpress\/plugins\/seo\/ -->\n<title>Celebraci\u00f3n del d\u00eda de la Paz en el IES Sol de Portocarrero - IES SOL DE PORTOCARRERO - LA LABORAL<\/title>\n<meta name=\"robots\" content=\"index, follow, max-snippet:-1, max-image-preview:large, max-video-preview:-1\" \/>\n<link rel=\"canonical\" href=\"https:\/\/iessoldeportocarrero.com\/?p=2133\" \/>\n<meta property=\"og:locale\" content=\"es_ES\" \/>\n<meta property=\"og:type\" content=\"article\" \/>\n<meta property=\"og:title\" content=\"Celebraci\u00f3n del d\u00eda de la Paz en el IES Sol de Portocarrero - IES SOL DE PORTOCARRERO - LA LABORAL\" \/>\n<meta property=\"og:description\" content=\"Los alumnos \/as celebraron el d\u00eda de la Paz con una representaci\u00f3n teatral de premios nobel famosos en la historia relacionados con la paz acompa\u00f1ados por una actuaci\u00f3n musical de alumnos\/as de 2\u00ba de ESO\" \/>\n<meta property=\"og:url\" content=\"https:\/\/iessoldeportocarrero.com\/?p=2133\" \/>\n<meta property=\"og:site_name\" content=\"IES SOL DE PORTOCARRERO - LA LABORAL\" \/>\n<meta property=\"article:published_time\" content=\"2024-01-31T21:53:25+00:00\" \/>\n<meta property=\"article:modified_time\" content=\"2024-01-31T21:59:22+00:00\" \/>\n<meta property=\"og:image\" content=\"https:\/\/iessoldeportocarrero.com\/wp-content\/uploads\/2024\/01\/IMG-20240130-WA0028.jpg\" \/>\n\t<meta property=\"og:image:width\" content=\"1600\" \/>\n\t<meta property=\"og:image:height\" content=\"1200\" \/>\n\t<meta property=\"og:image:type\" content=\"image\/jpeg\" \/>\n<meta name=\"author\" content=\"Fran Caballero\" \/>\n<meta name=\"twitter:card\" content=\"summary_large_image\" \/>\n<meta name=\"twitter:label1\" content=\"Escrito por\" \/>\n\t<meta name=\"twitter:data1\" content=\"Fran Caballero\" \/>\n<script type=\"application\/ld+json\" class=\"yoast-schema-graph\">{\"@context\":\"https:\/\/schema.org\",\"@graph\":[{\"@type\":\"WebPage\",\"@id\":\"https:\/\/iessoldeportocarrero.com\/?p=2133\",\"url\":\"https:\/\/iessoldeportocarrero.com\/?p=2133\",\"name\":\"Celebraci\u00f3n del d\u00eda de la Paz en el IES Sol de Portocarrero - IES SOL DE PORTOCARRERO - LA LABORAL\",\"isPartOf\":{\"@id\":\"https:\/\/iessoldeportocarrero.com\/#website\"},\"datePublished\":\"2024-01-31T21:53:25+00:00\",\"dateModified\":\"2024-01-31T21:59:22+00:00\",\"author\":{\"@id\":\"https:\/\/iessoldeportocarrero.com\/#\/schema\/person\/c31d52b02ec93d3b64a1fc383b2e1507\"},\"breadcrumb\":{\"@id\":\"https:\/\/iessoldeportocarrero.com\/?p=2133#breadcrumb\"},\"inLanguage\":\"es\",\"potentialAction\":[{\"@type\":\"ReadAction\",\"target\":[\"https:\/\/iessoldeportocarrero.com\/?p=2133\"]}]},{\"@type\":\"BreadcrumbList\",\"@id\":\"https:\/\/iessoldeportocarrero.com\/?p=2133#breadcrumb\",\"itemListElement\":[{\"@type\":\"ListItem\",\"position\":1,\"name\":\"Home\",\"item\":\"https:\/\/iessoldeportocarrero.com\/\"},{\"@type\":\"ListItem\",\"position\":2,\"name\":\"Celebraci\u00f3n del d\u00eda de la Paz en el IES Sol de Portocarrero\"}]},{\"@type\":\"WebSite\",\"@id\":\"https:\/\/iessoldeportocarrero.com\/#website\",\"url\":\"https:\/\/iessoldeportocarrero.com\/\",\"name\":\"IES SOL DE PORTOCARRERO - LA LABORAL\",\"description\":\"INSTITUTO DE EDUCACI\u00d3N SECUNDARIA Y FORMACI\u00d3N PROFESIONAL\",\"potentialAction\":[{\"@type\":\"SearchAction\",\"target\":{\"@type\":\"EntryPoint\",\"urlTemplate\":\"https:\/\/iessoldeportocarrero.com\/?s={search_term_string}\"},\"query-input\":\"required name=search_term_string\"}],\"inLanguage\":\"es\"},{\"@type\":\"Person\",\"@id\":\"https:\/\/iessoldeportocarrero.com\/#\/schema\/person\/c31d52b02ec93d3b64a1fc383b2e1507\",\"name\":\"Fran Caballero\",\"image\":{\"@type\":\"ImageObject\",\"inLanguage\":\"es\",\"@id\":\"https:\/\/iessoldeportocarrero.com\/#\/schema\/person\/image\/\",\"url\":\"https:\/\/secure.gravatar.com\/avatar\/469378a9baf7ad4b3c0ebbf844ed99b6bd34bcf63b183b18959eb1926fb08ad1?s=96&d=mm&r=g\",\"contentUrl\":\"https:\/\/secure.gravatar.com\/avatar\/469378a9baf7ad4b3c0ebbf844ed99b6bd34bcf63b183b18959eb1926fb08ad1?s=96&d=mm&r=g\",\"caption\":\"Fran Caballero\"},\"url\":\"https:\/\/iessoldeportocarrero.com\/?author=19\"}]}<\/script>\n<!-- \/ Yoast SEO plugin. -->","yoast_head_json":{"title":"Celebraci\u00f3n del d\u00eda de la Paz en el IES Sol de Portocarrero - IES SOL DE PORTOCARRERO - LA LABORAL","robots":{"index":"index","follow":"follow","max-snippet":"max-snippet:-1","max-image-preview":"max-image-preview:large","max-video-preview":"max-video-preview:-1"},"canonical":"https:\/\/iessoldeportocarrero.com\/?p=2133","og_locale":"es_ES","og_type":"article","og_title":"Celebraci\u00f3n del d\u00eda de la Paz en el IES Sol de Portocarrero - IES SOL DE PORTOCARRERO - LA LABORAL","og_description":"Los alumnos \/as celebraron el d\u00eda de la Paz con una representaci\u00f3n teatral de premios nobel famosos en la historia relacionados con la paz acompa\u00f1ados por una actuaci\u00f3n musical de alumnos\/as de 2\u00ba de ESO","og_url":"https:\/\/iessoldeportocarrero.com\/?p=2133","og_site_name":"IES SOL DE PORTOCARRERO - LA LABORAL","article_published_time":"2024-01-31T21:53:25+00:00","article_modified_time":"2024-01-31T21:59:22+00:00","og_image":[{"width":1600,"height":1200,"url":"https:\/\/iessoldeportocarrero.com\/wp-content\/uploads\/2024\/01\/IMG-20240130-WA0028.jpg","type":"image\/jpeg"}],"author":"Fran Caballero","twitter_card":"summary_large_image","twitter_misc":{"Escrito por":"Fran Caballero"},"schema":{"@context":"https:\/\/schema.org","@graph":[{"@type":"WebPage","@id":"https:\/\/iessoldeportocarrero.com\/?p=2133","url":"https:\/\/iessoldeportocarrero.com\/?p=2133","name":"Celebraci\u00f3n del d\u00eda de la Paz en el IES Sol de Portocarrero - IES SOL DE PORTOCARRERO - LA LABORAL","isPartOf":{"@id":"https:\/\/iessoldeportocarrero.com\/#website"},"datePublished":"2024-01-31T21:53:25+00:00","dateModified":"2024-01-31T21:59:22+00:00","author":{"@id":"https:\/\/iessoldeportocarrero.com\/#\/schema\/person\/c31d52b02ec93d3b64a1fc383b2e1507"},"breadcrumb":{"@id":"https:\/\/iessoldeportocarrero.com\/?p=2133#breadcrumb"},"inLanguage":"es","potentialAction":[{"@type":"ReadAction","target":["https:\/\/iessoldeportocarrero.com\/?p=2133"]}]},{"@type":"BreadcrumbList","@id":"https:\/\/iessoldeportocarrero.com\/?p=2133#breadcrumb","itemListElement":[{"@type":"ListItem","position":1,"name":"Home","item":"https:\/\/iessoldeportocarrero.com\/"},{"@type":"ListItem","position":2,"name":"Celebraci\u00f3n del d\u00eda de la Paz en el IES Sol de Portocarrero"}]},{"@type":"WebSite","@id":"https:\/\/iessoldeportocarrero.com\/#website","url":"https:\/\/iessoldeportocarrero.com\/","name":"IES SOL DE PORTOCARRERO - LA LABORAL","description":"INSTITUTO DE EDUCACI\u00d3N SECUNDARIA Y FORMACI\u00d3N PROFESIONAL","potentialAction":[{"@type":"SearchAction","target":{"@type":"EntryPoint","urlTemplate":"https:\/\/iessoldeportocarrero.com\/?s={search_term_string}"},"query-input":"required name=search_term_string"}],"inLanguage":"es"},{"@type":"Person","@id":"https:\/\/iessoldeportocarrero.com\/#\/schema\/person\/c31d52b02ec93d3b64a1fc383b2e1507","name":"Fran Caballero","image":{"@type":"ImageObject","inLanguage":"es","@id":"https:\/\/iessoldeportocarrero.com\/#\/schema\/person\/image\/","url":"https:\/\/secure.gravatar.com\/avatar\/469378a9baf7ad4b3c0ebbf844ed99b6bd34bcf63b183b18959eb1926fb08ad1?s=96&d=mm&r=g","contentUrl":"https:\/\/secure.gravatar.com\/avatar\/469378a9baf7ad4b3c0ebbf844ed99b6bd34bcf63b183b18959eb1926fb08ad1?s=96&d=mm&r=g","caption":"Fran Caballero"},"url":"https:\/\/iessoldeportocarrero.com\/?author=19"}]}},"jetpack_featured_media_url":"https:\/\/iessoldeportocarrero.com\/wp-content\/uploads\/2024\/01\/IMG-20240130-WA0028.jpg","jetpack_sharing_enabled":true,"jetpack-related-posts":[{"id":3686,"url":"https:\/\/iessoldeportocarrero.com\/?p=3686","url_meta":{"origin":2133,"position":0},"title":"CONCIERTO DE LOS ALUMNOS \/AS  DE 1\u00ba ESO POR EL D\u00cdA DE LA NO VIOLENCIA Y LA PAZ","author":"Fran Caballero","date":"enero 30, 2026","format":false,"excerpt":"","rel":"","context":"En \u00abCENTRO\u00bb","block_context":{"text":"CENTRO","link":"https:\/\/iessoldeportocarrero.com\/?cat=13"},"img":{"alt_text":"","src":"https:\/\/i0.wp.com\/iessoldeportocarrero.com\/wp-content\/uploads\/2026\/01\/Dia-de-la-Paz.jpg?resize=350%2C200&ssl=1","width":350,"height":200,"srcset":"https:\/\/i0.wp.com\/iessoldeportocarrero.com\/wp-content\/uploads\/2026\/01\/Dia-de-la-Paz.jpg?resize=350%2C200&ssl=1 1x, https:\/\/i0.wp.com\/iessoldeportocarrero.com\/wp-content\/uploads\/2026\/01\/Dia-de-la-Paz.jpg?resize=525%2C300&ssl=1 1.5x, https:\/\/i0.wp.com\/iessoldeportocarrero.com\/wp-content\/uploads\/2026\/01\/Dia-de-la-Paz.jpg?resize=700%2C400&ssl=1 2x, https:\/\/i0.wp.com\/iessoldeportocarrero.com\/wp-content\/uploads\/2026\/01\/Dia-de-la-Paz.jpg?resize=1050%2C600&ssl=1 3x, https:\/\/i0.wp.com\/iessoldeportocarrero.com\/wp-content\/uploads\/2026\/01\/Dia-de-la-Paz.jpg?resize=1400%2C800&ssl=1 4x"},"classes":[]},{"id":2140,"url":"https:\/\/iessoldeportocarrero.com\/?p=2140","url_meta":{"origin":2133,"position":1},"title":"CELEBRACIONES D\u00cdA DE LA PAZ","author":"admin","date":"febrero 2, 2024","format":false,"excerpt":"Actividades realizadas por nuestro alumnado, con motivo del D\u00eda de la Paz, el departamento de Orientaci\u00f3n ha organizado unas jornadas enriquecedoras con la participaci\u00f3n del alumnado, junto con el grupo de mediadores del Centro.","rel":"","context":"En \u00abCENTRO\u00bb","block_context":{"text":"CENTRO","link":"https:\/\/iessoldeportocarrero.com\/?cat=13"},"img":{"alt_text":"","src":"https:\/\/i0.wp.com\/iessoldeportocarrero.com\/wp-content\/uploads\/2024\/02\/IMG_20240129_131530-1-scaled.jpg?resize=350%2C200&ssl=1","width":350,"height":200,"srcset":"https:\/\/i0.wp.com\/iessoldeportocarrero.com\/wp-content\/uploads\/2024\/02\/IMG_20240129_131530-1-scaled.jpg?resize=350%2C200&ssl=1 1x, https:\/\/i0.wp.com\/iessoldeportocarrero.com\/wp-content\/uploads\/2024\/02\/IMG_20240129_131530-1-scaled.jpg?resize=525%2C300&ssl=1 1.5x, https:\/\/i0.wp.com\/iessoldeportocarrero.com\/wp-content\/uploads\/2024\/02\/IMG_20240129_131530-1-scaled.jpg?resize=700%2C400&ssl=1 2x, https:\/\/i0.wp.com\/iessoldeportocarrero.com\/wp-content\/uploads\/2024\/02\/IMG_20240129_131530-1-scaled.jpg?resize=1050%2C600&ssl=1 3x, https:\/\/i0.wp.com\/iessoldeportocarrero.com\/wp-content\/uploads\/2024\/02\/IMG_20240129_131530-1-scaled.jpg?resize=1400%2C800&ssl=1 4x"},"classes":[]},{"id":1308,"url":"https:\/\/iessoldeportocarrero.com\/?p=1308","url_meta":{"origin":2133,"position":2},"title":"Actividades solidarias hoy 7 de abril","author":"Jefe Departamento Educacion Fisica","date":"mayo 9, 2023","format":false,"excerpt":"Hoy 7 de abril de 2022 tendremos una serie de actividades solidarias con motivo del D\u00eda Mundial de la salud y D\u00eda Internacional de Reflexi\u00f3n sobre el Genocidio de 1994 contra los Tutsis en Ruanda, dentro del Proyecto Escuela Espacio de Paz. Habr\u00e1 tambi\u00e9n una venta de desayuno solidario durante\u2026","rel":"","context":"En \u00abEDUCACI\u00d3N F\u00cdSICA\u00bb","block_context":{"text":"EDUCACI\u00d3N F\u00cdSICA","link":"https:\/\/iessoldeportocarrero.com\/?cat=19"},"img":{"alt_text":"","src":"https:\/\/i0.wp.com\/iessoldeportocarrero.com\/wp-content\/uploads\/2023\/05\/actividades_solidarias.jpeg?resize=350%2C200&ssl=1","width":350,"height":200,"srcset":"https:\/\/i0.wp.com\/iessoldeportocarrero.com\/wp-content\/uploads\/2023\/05\/actividades_solidarias.jpeg?resize=350%2C200&ssl=1 1x, https:\/\/i0.wp.com\/iessoldeportocarrero.com\/wp-content\/uploads\/2023\/05\/actividades_solidarias.jpeg?resize=525%2C300&ssl=1 1.5x, https:\/\/i0.wp.com\/iessoldeportocarrero.com\/wp-content\/uploads\/2023\/05\/actividades_solidarias.jpeg?resize=700%2C400&ssl=1 2x, https:\/\/i0.wp.com\/iessoldeportocarrero.com\/wp-content\/uploads\/2023\/05\/actividades_solidarias.jpeg?resize=1050%2C600&ssl=1 3x"},"classes":[]},{"id":2657,"url":"https:\/\/iessoldeportocarrero.com\/?p=2657","url_meta":{"origin":2133,"position":3},"title":"Convocatoria movilidad en grupo alumnado 2024_2025","author":"Coordinador_bilingue","date":"septiembre 12, 2024","format":false,"excerpt":"En el marco de nuestro proyecto KA120-SCH-00043730 en virtud del cual nuestro IES es centro acreditado Erasmus + en el \u00e1mbito escolar y a los efectos de nuestro proyecto KA121-SCH-00020BA9576,\u00a0\u00a0est\u00e1 prevista una acci\u00f3n de movilidad en grupo de 5 \u00f3 6 alumnos\/as del curso 1\u00ba BACHILLERATO en Brescia (Italia) a\u2026","rel":"","context":"En \u00abERASMUS ESCOLAR\u00bb","block_context":{"text":"ERASMUS ESCOLAR","link":"https:\/\/iessoldeportocarrero.com\/?cat=43"},"img":{"alt_text":"Se ha publicado Resoluci\u00f3n definitiva en la que se admite nuestra solicitud KA121 para la ejecuci\u00f3n de movilidades con base en nuestra acreditaci\u00f3n en el \u00e1mbito escolar.","src":"https:\/\/i0.wp.com\/iessoldeportocarrero.com\/wp-content\/uploads\/2024\/06\/logo-vertical.png?resize=350%2C200&ssl=1","width":350,"height":200,"srcset":"https:\/\/i0.wp.com\/iessoldeportocarrero.com\/wp-content\/uploads\/2024\/06\/logo-vertical.png?resize=350%2C200&ssl=1 1x, https:\/\/i0.wp.com\/iessoldeportocarrero.com\/wp-content\/uploads\/2024\/06\/logo-vertical.png?resize=525%2C300&ssl=1 1.5x, https:\/\/i0.wp.com\/iessoldeportocarrero.com\/wp-content\/uploads\/2024\/06\/logo-vertical.png?resize=700%2C400&ssl=1 2x"},"classes":[]},{"id":3651,"url":"https:\/\/iessoldeportocarrero.com\/?p=3651","url_meta":{"origin":2133,"position":4},"title":"Nuestra alumna Ainhoa Pedrosa Berenguel: Premio extraordinario de la ESO 2024-25","author":"admin","date":"diciembre 10, 2025","format":false,"excerpt":"Comunicamos a toda la comunidad educativa una excelente noticia: nuestra alumna Ainhoa Pedrosa Berenguel ha obtenido premio extraordinario de la ESO 2024-25, concedido a los\u00a0 alumnos\/as con mejores expedientes de entre los que\u00a0 finalizaron la etapa en toda Andaluc\u00eda el curso pasado.Es un reconocimiento al esfuerzo y la constancia, valores\u2026","rel":"","context":"En \u00abCENTRO\u00bb","block_context":{"text":"CENTRO","link":"https:\/\/iessoldeportocarrero.com\/?cat=13"},"img":{"alt_text":"","src":"https:\/\/i0.wp.com\/iessoldeportocarrero.com\/wp-content\/uploads\/2025\/12\/WhatsApp-Image-2025-12-10-at-20.30.58.jpeg?resize=350%2C200&ssl=1","width":350,"height":200,"srcset":"https:\/\/i0.wp.com\/iessoldeportocarrero.com\/wp-content\/uploads\/2025\/12\/WhatsApp-Image-2025-12-10-at-20.30.58.jpeg?resize=350%2C200&ssl=1 1x, https:\/\/i0.wp.com\/iessoldeportocarrero.com\/wp-content\/uploads\/2025\/12\/WhatsApp-Image-2025-12-10-at-20.30.58.jpeg?resize=525%2C300&ssl=1 1.5x, https:\/\/i0.wp.com\/iessoldeportocarrero.com\/wp-content\/uploads\/2025\/12\/WhatsApp-Image-2025-12-10-at-20.30.58.jpeg?resize=700%2C400&ssl=1 2x, https:\/\/i0.wp.com\/iessoldeportocarrero.com\/wp-content\/uploads\/2025\/12\/WhatsApp-Image-2025-12-10-at-20.30.58.jpeg?resize=1050%2C600&ssl=1 3x, https:\/\/i0.wp.com\/iessoldeportocarrero.com\/wp-content\/uploads\/2025\/12\/WhatsApp-Image-2025-12-10-at-20.30.58.jpeg?resize=1400%2C800&ssl=1 4x"},"classes":[]},{"id":1261,"url":"https:\/\/iessoldeportocarrero.com\/?p=1261","url_meta":{"origin":2133,"position":5},"title":"Nuevo \u00e9xito en la Olimpiada de Geolog\u00eda","author":"admin","date":"mayo 8, 2023","format":false,"excerpt":"Gran \u00e9xito del alumnado del IES Sol de Portocarrero participante en la fase provincial de la Olimpiada de Geolog\u00eda. Este s\u00e1bado pasado participaron 20 alumnos\/as de 1\u00ba y 2\u00ba de bachillerato. Ocho de los alumnos quedaron finalistas, y 2 alumnas (de 2\u00ba BA), Cristina S\u00e1nchez S\u00e1nchez y Cristina Gonz\u00e1lez Navarro,\u2026","rel":"","context":"En \u00abBIOLOG\u00cdA\u00bb","block_context":{"text":"BIOLOG\u00cdA","link":"https:\/\/iessoldeportocarrero.com\/?cat=15"},"img":{"alt_text":"","src":"https:\/\/i0.wp.com\/iessoldeportocarrero.com\/wp-content\/uploads\/2023\/05\/premio_geologia.jpeg?resize=350%2C200&ssl=1","width":350,"height":200,"srcset":"https:\/\/i0.wp.com\/iessoldeportocarrero.com\/wp-content\/uploads\/2023\/05\/premio_geologia.jpeg?resize=350%2C200&ssl=1 1x, https:\/\/i0.wp.com\/iessoldeportocarrero.com\/wp-content\/uploads\/2023\/05\/premio_geologia.jpeg?resize=525%2C300&ssl=1 1.5x, https:\/\/i0.wp.com\/iessoldeportocarrero.com\/wp-content\/uploads\/2023\/05\/premio_geologia.jpeg?resize=700%2C400&ssl=1 2x"},"classes":[]}],"_links":{"self":[{"href":"https:\/\/iessoldeportocarrero.com\/index.php?rest_route=\/wp\/v2\/posts\/2133","targetHints":{"allow":["GET"]}}],"collection":[{"href":"https:\/\/iessoldeportocarrero.com\/index.php?rest_route=\/wp\/v2\/posts"}],"about":[{"href":"https:\/\/iessoldeportocarrero.com\/index.php?rest_route=\/wp\/v2\/types\/post"}],"author":[{"embeddable":true,"href":"https:\/\/iessoldeportocarrero.com\/index.php?rest_route=\/wp\/v2\/users\/19"}],"replies":[{"embeddable":true,"href":"https:\/\/iessoldeportocarrero.com\/index.php?rest_route=%2Fwp%2Fv2%2Fcomments&post=2133"}],"version-history":[{"count":2,"href":"https:\/\/iessoldeportocarrero.com\/index.php?rest_route=\/wp\/v2\/posts\/2133\/revisions"}],"predecessor-version":[{"id":2139,"href":"https:\/\/iessoldeportocarrero.com\/index.php?rest_route=\/wp\/v2\/posts\/2133\/revisions\/2139"}],"wp:featuredmedia":[{"embeddable":true,"href":"https:\/\/iessoldeportocarrero.com\/index.php?rest_route=\/wp\/v2\/media\/2134"}],"wp:attachment":[{"href":"https:\/\/iessoldeportocarrero.com\/index.php?rest_route=%2Fwp%2Fv2%2Fmedia&parent=2133"}],"wp:term":[{"taxonomy":"category","embeddable":true,"href":"https:\/\/iessoldeportocarrero.com\/index.php?rest_route=%2Fwp%2Fv2%2Fcategories&post=2133"},{"taxonomy":"post_tag","embeddable":true,"href":"https:\/\/iessoldeportocarrero.com\/index.php?rest_route=%2Fwp%2Fv2%2Ftags&post=2133"}],"curies":[{"name":"wp","href":"https:\/\/api.w.org\/{rel}","templated":true}]}}